{"id":89406,"date":"2019-05-01T07:52:36","date_gmt":"2019-05-01T10:52:36","guid":{"rendered":"http:\/\/www.blogdothame.blog.br\/v1\/?p=89406"},"modified":"2019-04-29T15:06:28","modified_gmt":"2019-04-29T18:06:28","slug":"1o-de-maio-e-preciso-estar-atento-e-forte","status":"publish","type":"post","link":"https:\/\/www.blogdothame.blog.br\/v1\/2019\/05\/01\/1o-de-maio-e-preciso-estar-atento-e-forte\/","title":{"rendered":"1\u00ba de Maio: \u00e9 preciso estar atento e forte"},"content":{"rendered":"<p style=\"text-align: right;\"><strong>Davidson Magalh\u00e3es<\/strong><\/p>\n<p>&nbsp;<\/p>\n<p><img loading=\"lazy\" class=\"alignright  wp-image-86603\" src=\"http:\/\/www.blogdothame.blog.br\/v1\/wp-content\/uploads\/2019\/02\/davidson-magalhaes-300x184.jpg\" alt=\"davidson magalhaes\" width=\"248\" height=\"152\" srcset=\"https:\/\/www.blogdothame.blog.br\/v1\/wp-content\/uploads\/2019\/02\/davidson-magalhaes-300x184.jpg 300w, https:\/\/www.blogdothame.blog.br\/v1\/wp-content\/uploads\/2019\/02\/davidson-magalhaes.jpg 500w\" sizes=\"(max-width: 248px) 100vw, 248px\" \/>Em que contexto acontece esse 1\u00ba Maio em nosso pa\u00eds? Ocorre no momento do maior ataque concentrado aos direitos e \u00e0s estruturas de trabalho, desde a ditadura militar.<\/p>\n<p>Dia 1\u00ba de maio de 1886, uma gigantesca greve de oper\u00e1rios, nas ruas fabris de Chicago (EUA), foi brutalmente ensanguentada pelo aparato policial.<\/p>\n<p>O ato reivindicava a redu\u00e7\u00e3o de 15 para 8 horas di\u00e1rias, o fim do trabalho infantil e do turno feminino \u00e0 noite, por conta da jornada dupla das mulheres. Ou seja, pautas do trabalho decente, em defesa dos direitos, fatos que se repetem decorridos 133 anos.<\/p>\n<p>Este emblem\u00e1tico 1\u00ba de maio sinalizou a classe trabalhadora como protagonista pol\u00edtica; pois j\u00e1 era for\u00e7a econ\u00f4mica integrada ao avan\u00e7o industrial que permearia o s\u00e9culo XX. No Brasil n\u00e3o foi diferente.<\/p>\n<p>Com a industrializa\u00e7\u00e3o e ascens\u00e3o da classe oper\u00e1ria no per\u00edodo de Get\u00falio Vargas, o Dia do Trabalhador nos d\u00e9cadas de 1930 e 1940 foram marcados pela promulga\u00e7\u00e3o de leis e benef\u00edcios. Em 1940, o sal\u00e1rio m\u00ednimo. Em 1941, a Justi\u00e7a do Trabalho. Vargas tamb\u00e9m criou o Minist\u00e9rio do Trabalho (26\/11\/1930).<\/p>\n<p>As boas not\u00edcias n\u00e3o v\u00eam mais no 1\u00ba de Maio. Vivemos um tempo de retrocesso. Por isso \u00e9 preciso estar atento e forte no combate ao desmantelamento do sistema de prote\u00e7\u00e3o do trabalhador. Nem a ditadura acabou com o Minist\u00e9rio do Trabalho, mas o atual governo sim.<\/p>\n<p>Houve a decapita\u00e7\u00e3o de direitos, a nefasta reforma trabalhista, a terceiriza\u00e7\u00e3o desmedida, o fim do imposto sindical e a MP 837, que impede desconto em folha. E mais: acabou o aumento real do sal\u00e1rio m\u00ednimo, a maior pol\u00edtica de distribui\u00e7\u00e3o de renda dos \u00faltimos 12 anos.<\/p>\n<p>O atual governo joga gasolina no fogo. O desmonte do aparelho produtivo, a entrega do Brasil ao capital internacional, tudo isso se reflete em m\u00e1s not\u00edcias: o pa\u00eds fechou 43 mil vagas de emprego formal em mar\u00e7o.<\/p>\n<p>Al\u00e9m de tudo, estamos atrasados. Sequer discutimos o que fazer diante do desafio que encaram outros pa\u00edses: a nova configura\u00e7\u00e3o do mundo do trabalho, diante das inova\u00e7\u00f5es tecnol\u00f3gicas da Revolu\u00e7\u00e3o 4.0. Infelizmente, retrocedemos ao final do s\u00e9culo 19.<\/p>\n<p>Precisamos resistir e reverter esta nefasta situa\u00e7\u00e3o. Incrementar pol\u00edticas p\u00fablicas sociais, a agenda do trabalho decente, os recursos do microcr\u00e9dito, a qualifica\u00e7\u00e3o profissional. Como dizia o fil\u00f3sofo, \u201ca humanidade n\u00e3o coloca diante de si problemas que ela n\u00e3o possa resolver\u201d.<\/p>\n<p>Mesmo que se lhe imponham dificuldades, nada vai abafar os direitos e a capacidade de organiza\u00e7\u00e3o do trabalhador. Foi assim ao longo do tempo. Ser\u00e1 sempre assim enquanto houver gente em busca de justi\u00e7a social, igualdade, direitos e oportunidades de uma vida mais digna, para o trabalhador e trabalhadora do Brasil.<\/p>\n<p>&#8212;-<\/p>\n<p>Davidson Magalh\u00e3es \u00e9 Secret\u00e1rio do Trabalho, Emprego, Renda e Esporte da Bahia<\/p>\n","protected":false},"excerpt":{"rendered":"<p>Davidson Magalh\u00e3es &nbsp; Em que contexto acontece esse 1\u00ba Maio em nosso pa\u00eds? Ocorre no momento do maior ataque concentrado aos direitos e \u00e0s estruturas de trabalho, desde a ditadura militar. Dia 1\u00ba de maio de 1886, uma gigantesca greve de oper\u00e1rios, nas ruas fabris de Chicago (EUA), foi brutalmente ensanguentada pelo aparato policial. O [&hellip;]<\/p>\n","protected":false},"author":2,"featured_media":0,"comment_status":"open","ping_status":"open","sticky":false,"template":"","format":"standard","meta":{"_links_to":"","_links_to_target":""},"categories":[1],"tags":[2960,43,843],"_links":{"self":[{"href":"https:\/\/www.blogdothame.blog.br\/v1\/wp-json\/wp\/v2\/posts\/89406"}],"collection":[{"href":"https:\/\/www.blogdothame.blog.br\/v1\/wp-json\/wp\/v2\/posts"}],"about":[{"href":"https:\/\/www.blogdothame.blog.br\/v1\/wp-json\/wp\/v2\/types\/post"}],"author":[{"embeddable":true,"href":"https:\/\/www.blogdothame.blog.br\/v1\/wp-json\/wp\/v2\/users\/2"}],"replies":[{"embeddable":true,"href":"https:\/\/www.blogdothame.blog.br\/v1\/wp-json\/wp\/v2\/comments?post=89406"}],"version-history":[{"count":1,"href":"https:\/\/www.blogdothame.blog.br\/v1\/wp-json\/wp\/v2\/posts\/89406\/revisions"}],"predecessor-version":[{"id":89407,"href":"https:\/\/www.blogdothame.blog.br\/v1\/wp-json\/wp\/v2\/posts\/89406\/revisions\/89407"}],"wp:attachment":[{"href":"https:\/\/www.blogdothame.blog.br\/v1\/wp-json\/wp\/v2\/media?parent=89406"}],"wp:term":[{"taxonomy":"category","embeddable":true,"href":"https:\/\/www.blogdothame.blog.br\/v1\/wp-json\/wp\/v2\/categories?post=89406"},{"taxonomy":"post_tag","embeddable":true,"href":"https:\/\/www.blogdothame.blog.br\/v1\/wp-json\/wp\/v2\/tags?post=89406"}],"curies":[{"name":"wp","href":"https:\/\/api.w.org\/{rel}","templated":true}]}}