{"id":89225,"date":"2019-04-25T06:56:20","date_gmt":"2019-04-25T09:56:20","guid":{"rendered":"http:\/\/www.blogdothame.blog.br\/v1\/?p=89225"},"modified":"2019-04-24T15:59:19","modified_gmt":"2019-04-24T18:59:19","slug":"secretarios-debatem-estrategias-para-a-educacao-no-sul-da-bahia","status":"publish","type":"post","link":"https:\/\/www.blogdothame.blog.br\/v1\/2019\/04\/25\/secretarios-debatem-estrategias-para-a-educacao-no-sul-da-bahia\/","title":{"rendered":"Secret\u00e1rios debatem estrat\u00e9gias para a Educa\u00e7\u00e3o no Sul da Bahia"},"content":{"rendered":"<p><img loading=\"lazy\" class=\"alignright size-medium wp-image-89227\" src=\"http:\/\/www.blogdothame.blog.br\/v1\/wp-content\/uploads\/2019\/04\/C\u00edntya-Proex-na-Reuni\u00e3o-do-Forsec-7-300x146.jpeg\" alt=\"C\u00edntya Proex na Reuni\u00e3o do Forsec (7)\" width=\"300\" height=\"146\" srcset=\"https:\/\/www.blogdothame.blog.br\/v1\/wp-content\/uploads\/2019\/04\/C\u00edntya-Proex-na-Reuni\u00e3o-do-Forsec-7-300x146.jpeg 300w, https:\/\/www.blogdothame.blog.br\/v1\/wp-content\/uploads\/2019\/04\/C\u00edntya-Proex-na-Reuni\u00e3o-do-Forsec-7-1024x498.jpeg 1024w, https:\/\/www.blogdothame.blog.br\/v1\/wp-content\/uploads\/2019\/04\/C\u00edntya-Proex-na-Reuni\u00e3o-do-Forsec-7.jpeg 1280w\" sizes=\"(max-width: 300px) 100vw, 300px\" \/>Durante uma reuni\u00e3o Ordin\u00e1ria do F\u00f3rum Regional de Educa\u00e7\u00e3o (Forsec) da Amurc, os Secret\u00e1rios de Educa\u00e7\u00e3o dos munic\u00edpios do Sul da Bahia iniciaram o di\u00e1logo para a realiza\u00e7\u00e3o de um Planejamento Estrat\u00e9gico que vai contemplar as principais demandas da educa\u00e7\u00e3o regional e que ser\u00e1 apresentado ao Governo do Estado da Bahia.<\/p>\n<p>A proposta, segundo a presidente do F\u00f3rum e secret\u00e1ria de Firmino Alves, Andr\u00e9a Morais visa a elabora\u00e7\u00e3o de um Planejamento Estrat\u00e9gico pontuando as necessidade da educa\u00e7\u00e3o na regi\u00e3o. A ideia \u00e9 levar o documento at\u00e9 o secret\u00e1rio de Educa\u00e7\u00e3o do Estado e verificar o que pode ser feito para melhorar a educa\u00e7\u00e3o nos munic\u00edpios da regi\u00e3o\u201d, relatou Andr\u00e9a.<\/p>\n<p>\u201cN\u00f3s temos a necessidade de dialogar, precisamos de apoio e parcerias para o fortalecimento da educa\u00e7\u00e3o na regi\u00e3o. Dentre as demandas, pontuamos a constru\u00e7\u00e3o de uma Base Nacional Curricular Comum (BNCC) e a melhoria do \u00cdndice de Desenvolvimento da Educa\u00e7\u00e3o B\u00e1sica (Ideb) na Bahia, que no ano passado obteve o pior resultado em rela\u00e7\u00e3o a outros Estados do Brasil\u201d, destacou Andr\u00e9a.<\/p>\n<p>A iniciativa fortalece o papel do Forsec e da C\u00e2mara T\u00e9cnica de Educa\u00e7\u00e3o, que integra o Cons\u00f3rcio de Desenvolvimento Sustent\u00e1vel \u2013 Litoral Sul, e que segundo o coordenador executivo da Amurc, Luciano Veiga, tem atra\u00eddo parcerias importantes, a exemplo dos Institutos Natura, Arapya\u00fa e o Ita\u00fa Social para o desenvolvimento da educa\u00e7\u00e3o regional.<\/p>\n<p><!--more--><\/p>\n<p>Forma\u00e7\u00e3o<\/p>\n<p>Ainda na reuni\u00e3o do Forsec, a subgerente da Coordena\u00e7\u00e3o de Integra\u00e7\u00e3o Comunit\u00e1ria da Pr\u00f3-reitoria de Extens\u00e3o da Uesc, Cintya Nobre chamou aten\u00e7\u00e3o dos secret\u00e1rios sobre a import\u00e2ncia incluir os professores que atuam no ciclo de Alfabetiza\u00e7\u00e3o dos munic\u00edpios na Forma\u00e7\u00e3o Continuada de Qualidade, que ser\u00e1 oferecida pela institui\u00e7\u00e3o. A carga hor\u00e1ria total do curso ser\u00e1 de 112 horas.<\/p>\n<p>O F\u00f3rum integra o Programa de Apoio Gerencial Institucional \u00e0s Prefeituras da Regi\u00e3o Litoral Sul \u2013 AGIR-LS, desenvolvido pela Amurc em parceria com a Universidade Estadual de Santa Cruz (Uesc).<\/p>\n","protected":false},"excerpt":{"rendered":"<p>Durante uma reuni\u00e3o Ordin\u00e1ria do F\u00f3rum Regional de Educa\u00e7\u00e3o (Forsec) da Amurc, os Secret\u00e1rios de Educa\u00e7\u00e3o dos munic\u00edpios do Sul da Bahia iniciaram o di\u00e1logo para a realiza\u00e7\u00e3o de um Planejamento Estrat\u00e9gico que vai contemplar as principais demandas da educa\u00e7\u00e3o regional e que ser\u00e1 apresentado ao Governo do Estado da Bahia. A proposta, segundo a [&hellip;]<\/p>\n","protected":false},"author":2,"featured_media":0,"comment_status":"open","ping_status":"open","sticky":false,"template":"","format":"standard","meta":{"_links_to":"","_links_to_target":""},"categories":[1],"tags":[3022,60,24184,185],"_links":{"self":[{"href":"https:\/\/www.blogdothame.blog.br\/v1\/wp-json\/wp\/v2\/posts\/89225"}],"collection":[{"href":"https:\/\/www.blogdothame.blog.br\/v1\/wp-json\/wp\/v2\/posts"}],"about":[{"href":"https:\/\/www.blogdothame.blog.br\/v1\/wp-json\/wp\/v2\/types\/post"}],"author":[{"embeddable":true,"href":"https:\/\/www.blogdothame.blog.br\/v1\/wp-json\/wp\/v2\/users\/2"}],"replies":[{"embeddable":true,"href":"https:\/\/www.blogdothame.blog.br\/v1\/wp-json\/wp\/v2\/comments?post=89225"}],"version-history":[{"count":2,"href":"https:\/\/www.blogdothame.blog.br\/v1\/wp-json\/wp\/v2\/posts\/89225\/revisions"}],"predecessor-version":[{"id":89228,"href":"https:\/\/www.blogdothame.blog.br\/v1\/wp-json\/wp\/v2\/posts\/89225\/revisions\/89228"}],"wp:attachment":[{"href":"https:\/\/www.blogdothame.blog.br\/v1\/wp-json\/wp\/v2\/media?parent=89225"}],"wp:term":[{"taxonomy":"category","embeddable":true,"href":"https:\/\/www.blogdothame.blog.br\/v1\/wp-json\/wp\/v2\/categories?post=89225"},{"taxonomy":"post_tag","embeddable":true,"href":"https:\/\/www.blogdothame.blog.br\/v1\/wp-json\/wp\/v2\/tags?post=89225"}],"curies":[{"name":"wp","href":"https:\/\/api.w.org\/{rel}","templated":true}]}}