{"id":8849,"date":"2012-04-20T16:34:11","date_gmt":"2012-04-20T19:34:11","guid":{"rendered":"http:\/\/www.blogdothame.blog.br\/v1\/?p=8849"},"modified":"2012-04-20T16:34:11","modified_gmt":"2012-04-20T19:34:11","slug":"crack-e-apreendido-embaixo-da-cama-de-traficante","status":"publish","type":"post","link":"https:\/\/www.blogdothame.blog.br\/v1\/2012\/04\/20\/crack-e-apreendido-embaixo-da-cama-de-traficante\/","title":{"rendered":"Crack \u00e9 apreendido  embaixo da cama de traficante"},"content":{"rendered":"<div id=\"attachment_8850\" style=\"width: 310px\" class=\"wp-caption alignright\"><a href=\"http:\/\/www.blogdothame.blog.br\/v1\/wp-content\/uploads\/2012\/04\/crack-na-cama.jpg\"><img aria-describedby=\"caption-attachment-8850\" loading=\"lazy\" class=\"size-full wp-image-8850\" title=\"crack na cama\" src=\"http:\/\/www.blogdothame.blog.br\/v1\/wp-content\/uploads\/2012\/04\/crack-na-cama.jpg\" alt=\"\" width=\"300\" height=\"225\" \/><\/a><p id=\"caption-attachment-8850\" class=\"wp-caption-text\">em vez do ricard\u00e3o, tinha um crack embaixo da cama<\/p><\/div>\n<p>Investigadores da 18\u00aa Delegacia Territorial (DT) cumpriram em Cama\u00e7ari, um mandado de pris\u00e3o expedido contra Marivam Elias da Silva, o \u201cKila\u201d, por crimes de homic\u00eddio e tr\u00e1fico de drogas.\u00a0\u00a0Segundo informou, hoje (20), o delegado Jo\u00e3o Uzzum, titular da 18\u00aa DT, a pris\u00e3o de \u201cKila\u201d aconteceu em frente \u00e0 casa da namorada, na Rua D\u00e9cima do Parque, bairro Bomba, quando ele estacionava o ve\u00edculo.<\/p>\n<p>No im\u00f3vel, os policiais apreenderam 100 gramas de crack e material para embalagem da droga, escondidos sob uma cama de casal. Marivam segue custodiado no xadrez da unidade policial \u00e0 disposi\u00e7\u00e3o da Justi\u00e7a. O mandado de pris\u00e3o foi expedido pela ju\u00edza da 1\u00aa Vara Crime, Mariana Deir\u00f3 de Santana Brand\u00e3o.<\/p>\n<p>&nbsp;<\/p>\n<p>&nbsp;<\/p>\n","protected":false},"excerpt":{"rendered":"<p>Investigadores da 18\u00aa Delegacia Territorial (DT) cumpriram em Cama\u00e7ari, um mandado de pris\u00e3o expedido contra Marivam Elias da Silva, o \u201cKila\u201d, por crimes de homic\u00eddio e tr\u00e1fico de drogas.\u00a0\u00a0Segundo informou, hoje (20), o delegado Jo\u00e3o Uzzum, titular da 18\u00aa DT, a pris\u00e3o de \u201cKila\u201d aconteceu em frente \u00e0 casa da namorada, na Rua D\u00e9cima do [&hellip;]<\/p>\n","protected":false},"author":2,"featured_media":0,"comment_status":"open","ping_status":"open","sticky":false,"template":"","format":"standard","meta":{"_links_to":"","_links_to_target":""},"categories":[1],"tags":[],"_links":{"self":[{"href":"https:\/\/www.blogdothame.blog.br\/v1\/wp-json\/wp\/v2\/posts\/8849"}],"collection":[{"href":"https:\/\/www.blogdothame.blog.br\/v1\/wp-json\/wp\/v2\/posts"}],"about":[{"href":"https:\/\/www.blogdothame.blog.br\/v1\/wp-json\/wp\/v2\/types\/post"}],"author":[{"embeddable":true,"href":"https:\/\/www.blogdothame.blog.br\/v1\/wp-json\/wp\/v2\/users\/2"}],"replies":[{"embeddable":true,"href":"https:\/\/www.blogdothame.blog.br\/v1\/wp-json\/wp\/v2\/comments?post=8849"}],"version-history":[{"count":1,"href":"https:\/\/www.blogdothame.blog.br\/v1\/wp-json\/wp\/v2\/posts\/8849\/revisions"}],"predecessor-version":[{"id":8851,"href":"https:\/\/www.blogdothame.blog.br\/v1\/wp-json\/wp\/v2\/posts\/8849\/revisions\/8851"}],"wp:attachment":[{"href":"https:\/\/www.blogdothame.blog.br\/v1\/wp-json\/wp\/v2\/media?parent=8849"}],"wp:term":[{"taxonomy":"category","embeddable":true,"href":"https:\/\/www.blogdothame.blog.br\/v1\/wp-json\/wp\/v2\/categories?post=8849"},{"taxonomy":"post_tag","embeddable":true,"href":"https:\/\/www.blogdothame.blog.br\/v1\/wp-json\/wp\/v2\/tags?post=8849"}],"curies":[{"name":"wp","href":"https:\/\/api.w.org\/{rel}","templated":true}]}}