{"id":8838,"date":"2012-04-20T15:45:50","date_gmt":"2012-04-20T18:45:50","guid":{"rendered":"http:\/\/www.blogdothame.blog.br\/v1\/?p=8838"},"modified":"2012-04-20T15:45:50","modified_gmt":"2012-04-20T18:45:50","slug":"jorge-amado-e-o-sul-da-bahia","status":"publish","type":"post","link":"https:\/\/www.blogdothame.blog.br\/v1\/2012\/04\/20\/jorge-amado-e-o-sul-da-bahia\/","title":{"rendered":"JORGE AMADO E O SUL DA BAHIA"},"content":{"rendered":"<p><strong>Adary Oliveira<\/strong><\/p>\n<p><a href=\"http:\/\/www.blogdothame.blog.br\/v1\/wp-content\/uploads\/2012\/04\/jorge-amado-boneco.jpg\"><img loading=\"lazy\" class=\"aligncenter size-full wp-image-8843\" title=\"jorge amado boneco\" src=\"http:\/\/www.blogdothame.blog.br\/v1\/wp-content\/uploads\/2012\/04\/jorge-amado-boneco.jpg\" alt=\"\" width=\"500\" height=\"375\" srcset=\"https:\/\/www.blogdothame.blog.br\/v1\/wp-content\/uploads\/2012\/04\/jorge-amado-boneco.jpg 500w, https:\/\/www.blogdothame.blog.br\/v1\/wp-content\/uploads\/2012\/04\/jorge-amado-boneco-300x225.jpg 300w\" sizes=\"(max-width: 500px) 100vw, 500px\" \/><\/a>O artigo publicado na <em>Folha de S. Paulo<\/em> em 28\/03\/2012 com assinatura de Fabio Feldmann, com o t\u00edtulo \u201cAmea\u00e7a sobre o legado de Jorge Amado\u201d deixou a Bahia indignada. Jorge Amado nunca desejou que os habitantes da terra de S\u00e3o Jorge do Ilh\u00e9us vivessem na pobreza e na mis\u00e9ria eternamente. As belas hist\u00f3rias que ele relatava com maestria, retratando as belezas do lugar, os costumes \u00edmpares que iam da rica culin\u00e1ria \u00e1s vestes, das dan\u00e7as folcl\u00f3ricas \u00e1s gingas da capoeira, com palavreado singular e recheado de g\u00edrias da terra do cacau, n\u00e3o traziam desejo nem vaticinavam que a gente grapi\u00fana estaria condenada a viver em ambiente hostil e insalubre para salvar o macaco-prego-do-peito-amarelo nem as cem esp\u00e9cies de morcegos catalogadas por estudiosos desses animais.<\/p>\n<p>A regi\u00e3o t\u00e3o bem descrita por Jorge Amado teve sua economia abalada pela introdu\u00e7\u00e3o criminosa da vassoura-de-bruxa que quase extermina sua principal riqueza, o cacau, sem que nenhum dos que atualmente defendem o meio ambiente para eles pr\u00f3prios tivesse movido uma s\u00f3 folha, nem examinado uma s\u00f3 am\u00eandoa na busca de uma solu\u00e7\u00e3o para esse grav\u00edssimo problema.<\/p>\n<p><!--more--><\/p>\n<p>Mais de 70% da produ\u00e7\u00e3o industrial da Bahia est\u00e1 concentrada na Regi\u00e3o Metropolitana de Salvador. Esta situa\u00e7\u00e3o tem que ser mudada, pois o9 Estado precisa ser desenvolvido como um todo. A oportunidade que o mundo contempor\u00e2neo traz com a sua voracidade com a compra de alimentos, min\u00e9rios e mat\u00e9ria prima t\u00eaxtil, em quantidades e pre\u00e7os nunca vistos, n\u00e3o pode ser desperdi\u00e7ada. A constru\u00e7\u00e3o do Porto Sul e da Ferrovia Oeste\u2013Leste, ligando o sert\u00e3o ao mar, despertar\u00e1 o gigante adormecido e fomentar\u00e1 o desenvolvimento do interior long\u00ednquo, com, investimentos privados em neg\u00f3cios que ir\u00e3o proporcionar aos sertanejos e aos habitantes do litoral, condi\u00e7\u00f5es de vida mais digna e mais humana.<\/p>\n<p>As pessoas que defendem a manuten\u00e7\u00e3o do atual <em>status quo<\/em> nunca viveram no sert\u00e3o e n\u00e3o fazem a menor id\u00e9ia do que \u00e9 viver no semi\u00e1rido, regi\u00e3o que ocupa 64% do territ\u00f3rio da Bahia. Se nos povoados da Ponta da Tulha e de Aritagu\u00e1 a maioria vive sem as m\u00ednimas condi\u00e7\u00f5es de higiene e salubridade, sem \u00e1gua pot\u00e1vel, sem luz el\u00e9trica e morando em casa de sopapo, imaginem como vivem os moradores da caatinga. Longe do litoral, eles tamb\u00e9m ser\u00e3o beneficiados com a constru\u00e7\u00e3o do porto e da ferrovia. Para os habitantes do sert\u00e3o, que convivem quase todos os anos com penosa seca, como a que est\u00e1 ocorrendo agora, a sobreviv\u00eancia dos demais pobres \u00e9 conseguida at\u00e9 com a ingest\u00e3o de l\u00edngua de vaca, rapadura, farinha seca, cortadinho de palma e mandacaru.<\/p>\n<p>Jorge Amado n\u00e3o desejou a continuidade da pobreza para ningu\u00e9m e certamente n\u00e3o seria esse o legado imaginado por ele para seus conterr\u00e2neos nem do mar nem do sert\u00e3o.<\/p>\n<p>Todos na Bahia sabem de interesses contr\u00e1rios \u00e0 constru\u00e7\u00e3o do Porto Sul, que trar\u00e1 concorr\u00eancia a neg\u00f3cios do Sudeste. Todos na Bahia sabem dos investimentos imobili\u00e1rios de Itacar\u00e9, para\u00edso que muitos querem reservar para poucos. Mas fica aqui uma advert\u00eancia: se o Porto Sul n\u00e3o for constru\u00eddo agora, em decorr\u00eancia das a\u00e7\u00f5es protelat\u00f3rias encetadas pelos afortunados que tentam enganar os incautos, ele n\u00e3o deixar\u00e1 de ser feito mais adiante. Como foi feito o P\u00f3lo Petroqu\u00edmico que muitos eram contra.\u00a0 Como foi implantada a usina a usina de cobre contra a vontade de muitos. Como se plantou uma moderna f\u00e1brica de autom\u00f3veis contra os esfor\u00e7os dos inimigos do progresso. Aqui se deseja construir um Brasil n\u00e3o s\u00f3 maior, mas tamb\u00e9m um Brasil melhor. N\u00e3o sem obedi\u00eancia \u00e1s leis de prote\u00e7\u00e3o ao meio ambiente, mas com a autoridade de quem viu seus empres\u00e1rios se unirem ao governo para em ato pioneiro instituir o Conselho Estadual de Prote\u00e7\u00e3o Ambiental em 03 de maio de 197; de quem idealizou, construiu e opera excelente central de tratamento de efluentes do P\u00f3lo Industrial de Camacari e de Salvador<\/p>\n<p>Com trabalho e sem temor, o desenvolvimento ser\u00e1 alcan\u00e7ado e a mis\u00e9ria e a pobreza ser\u00e3o riscadas do mapa, como desejava Jorge Amado.<\/p>\n<p style=\"text-align: left;\" align=\"right\"><strong><em>Adary Oliveira\u00a0 \u00e9 <\/em><\/strong><em>d<\/em><em>outor em Planejamento Territorial e Desenvolvimento Regional pela Universidade de Barcelona.<\/em><\/p>\n<p style=\"text-align: left;\" align=\"right\"><em>(Artigo publicado no Jornal A Tarde de 19\/05\/2012)<\/em><\/p>\n<p style=\"text-align: left;\"><em>\u00a0<\/em><\/p>\n","protected":false},"excerpt":{"rendered":"<p>Adary Oliveira O artigo publicado na Folha de S. Paulo em 28\/03\/2012 com assinatura de Fabio Feldmann, com o t\u00edtulo \u201cAmea\u00e7a sobre o legado de Jorge Amado\u201d deixou a Bahia indignada. Jorge Amado nunca desejou que os habitantes da terra de S\u00e3o Jorge do Ilh\u00e9us vivessem na pobreza e na mis\u00e9ria eternamente. As belas hist\u00f3rias [&hellip;]<\/p>\n","protected":false},"author":2,"featured_media":0,"comment_status":"open","ping_status":"open","sticky":false,"template":"","format":"standard","meta":{"_links_to":"","_links_to_target":""},"categories":[1],"tags":[],"_links":{"self":[{"href":"https:\/\/www.blogdothame.blog.br\/v1\/wp-json\/wp\/v2\/posts\/8838"}],"collection":[{"href":"https:\/\/www.blogdothame.blog.br\/v1\/wp-json\/wp\/v2\/posts"}],"about":[{"href":"https:\/\/www.blogdothame.blog.br\/v1\/wp-json\/wp\/v2\/types\/post"}],"author":[{"embeddable":true,"href":"https:\/\/www.blogdothame.blog.br\/v1\/wp-json\/wp\/v2\/users\/2"}],"replies":[{"embeddable":true,"href":"https:\/\/www.blogdothame.blog.br\/v1\/wp-json\/wp\/v2\/comments?post=8838"}],"version-history":[{"count":2,"href":"https:\/\/www.blogdothame.blog.br\/v1\/wp-json\/wp\/v2\/posts\/8838\/revisions"}],"predecessor-version":[{"id":8845,"href":"https:\/\/www.blogdothame.blog.br\/v1\/wp-json\/wp\/v2\/posts\/8838\/revisions\/8845"}],"wp:attachment":[{"href":"https:\/\/www.blogdothame.blog.br\/v1\/wp-json\/wp\/v2\/media?parent=8838"}],"wp:term":[{"taxonomy":"category","embeddable":true,"href":"https:\/\/www.blogdothame.blog.br\/v1\/wp-json\/wp\/v2\/categories?post=8838"},{"taxonomy":"post_tag","embeddable":true,"href":"https:\/\/www.blogdothame.blog.br\/v1\/wp-json\/wp\/v2\/tags?post=8838"}],"curies":[{"name":"wp","href":"https:\/\/api.w.org\/{rel}","templated":true}]}}