{"id":88029,"date":"2019-03-21T09:21:17","date_gmt":"2019-03-21T12:21:17","guid":{"rendered":"http:\/\/www.blogdothame.blog.br\/v1\/?p=88029"},"modified":"2019-03-20T16:33:01","modified_gmt":"2019-03-20T19:33:01","slug":"uesc-sedia-encontro-da-macrorregiao-sul-sobre-doencas-de-transmissao-vetorial","status":"publish","type":"post","link":"https:\/\/www.blogdothame.blog.br\/v1\/2019\/03\/21\/uesc-sedia-encontro-da-macrorregiao-sul-sobre-doencas-de-transmissao-vetorial\/","title":{"rendered":"Uesc sedia Encontro da Macrorregi\u00e3o Sul sobre Doen\u00e7as de Transmiss\u00e3o Vetorial"},"content":{"rendered":"<p>A Secretaria da Sa\u00fade do Estado (Sesab), atrav\u00e9s meio da Diretoria de Vigil\u00e2ncia Epidemiol\u00f3gica (Divep), em conjunto com o N\u00facleo Regional de Sa\u00fade \u2013 (NRS Sul) e Universidade Estadual de Santa Cruz (UESC), realizar\u00e3o, entre os dias 26 e 28 de mar\u00e7o, o Encontro da Macrorregi\u00e3o Sul sobre Doen\u00e7as de Transmiss\u00e3o Vetorial.<\/p>\n<p><img loading=\"lazy\" class=\"alignright size-medium wp-image-63978\" src=\"http:\/\/www.blogdothame.blog.br\/v1\/wp-content\/uploads\/2017\/06\/uesc-300x225.jpg\" alt=\"uesc\" width=\"300\" height=\"225\" srcset=\"https:\/\/www.blogdothame.blog.br\/v1\/wp-content\/uploads\/2017\/06\/uesc-300x225.jpg 300w, https:\/\/www.blogdothame.blog.br\/v1\/wp-content\/uploads\/2017\/06\/uesc.jpg 700w\" sizes=\"(max-width: 300px) 100vw, 300px\" \/>O evento, que ser\u00e1 realizado no audit\u00f3rio da UESC, das 8 \u00e0s 17 horas, tem como principal finalidade proporcionar a atualiza\u00e7\u00e3o das equipes de sa\u00fade municipais e regionais, especialmente de Vigil\u00e2ncia em Sa\u00fade e Aten\u00e7\u00e3o B\u00e1sica, sobre a\u00e7\u00f5es de vigil\u00e2ncia epidemiol\u00f3gica, diagn\u00f3stico, manejo cl\u00ednico e controle das doen\u00e7as transmitidas por vetores mais prevalentes nos munic\u00edpios que comp\u00f5em a \u00e1rea de abrang\u00eancia do NRS Sul.<\/p>\n<p>As doen\u00e7as de transmiss\u00e3o vetorial ainda s\u00e3o respons\u00e1veis por elevado \u00edndice de mortalidade e morbidade no Brasil e na Bahia. Na Regi\u00e3o de Sa\u00fade Sul (NRS Sul) do estado, as doen\u00e7as transmitidas por vetores de maior import\u00e2ncia epidemiol\u00f3gica s\u00e3o as arboviroses (Dengue, Zika e Chikungunya), esquistossomose e leishmaniose. O controle dessas doen\u00e7as constitui um grande desafio, num contexto de descentraliza\u00e7\u00e3o das a\u00e7\u00f5es de preven\u00e7\u00e3o e controle vetorial aos munic\u00edpios. Por esse motivo, segundo t\u00e9cnicos da Divep, \u00e9 necess\u00e1ria permanente forma\u00e7\u00e3o de profissionais que atuam nas \u00e1reas de vigil\u00e2ncia epidemiol\u00f3gica, ambiental, controle vetorial, entomologia e manejo cl\u00ednico de casos, a fim de sensibiliz\u00e1-los acerca do cen\u00e1rio epidemiol\u00f3gico do seu territ\u00f3rio.<\/p>\n<p><!--more--><\/p>\n<p>Com a realiza\u00e7\u00e3o do encontro, tamb\u00e9m ser\u00e1 poss\u00edvel fortalecer a integra\u00e7\u00e3o entre ensino e servi\u00e7o, por meio de apresenta\u00e7\u00f5es de trabalhos acad\u00eamicos e experi\u00eancias exitosas na \u00e1rea de vigil\u00e2ncia e controle vetorial. As atividades ser\u00e3o realizadas no Audit\u00f3rio Paulo Souto da UESC (Ilh\u00e9us\/Itabuna \u2013 Bahia), das 8 \u00e0s 17 horas, nos dias 26 e 27. No dia 28, quando ocorrer\u00e1 o encerramento das atividades, a programa\u00e7\u00e3o ser\u00e1 das 8 \u00c0s 12 horas.<\/p>\n<p>Na oportunidade, ser\u00e3o apresentadas experi\u00eancias exitosas e\/ou trabalhos cient\u00edficos na forma de banner. Os trabalhos ser\u00e3o avaliados e selecionados pela comiss\u00e3o cient\u00edfica do evento.<\/p>\n","protected":false},"excerpt":{"rendered":"<p>A Secretaria da Sa\u00fade do Estado (Sesab), atrav\u00e9s meio da Diretoria de Vigil\u00e2ncia Epidemiol\u00f3gica (Divep), em conjunto com o N\u00facleo Regional de Sa\u00fade \u2013 (NRS Sul) e Universidade Estadual de Santa Cruz (UESC), realizar\u00e3o, entre os dias 26 e 28 de mar\u00e7o, o Encontro da Macrorregi\u00e3o Sul sobre Doen\u00e7as de Transmiss\u00e3o Vetorial. O evento, que [&hellip;]<\/p>\n","protected":false},"author":2,"featured_media":0,"comment_status":"open","ping_status":"open","sticky":false,"template":"","format":"standard","meta":{"_links_to":"","_links_to_target":""},"categories":[1],"tags":[23912,23913,10980,25],"_links":{"self":[{"href":"https:\/\/www.blogdothame.blog.br\/v1\/wp-json\/wp\/v2\/posts\/88029"}],"collection":[{"href":"https:\/\/www.blogdothame.blog.br\/v1\/wp-json\/wp\/v2\/posts"}],"about":[{"href":"https:\/\/www.blogdothame.blog.br\/v1\/wp-json\/wp\/v2\/types\/post"}],"author":[{"embeddable":true,"href":"https:\/\/www.blogdothame.blog.br\/v1\/wp-json\/wp\/v2\/users\/2"}],"replies":[{"embeddable":true,"href":"https:\/\/www.blogdothame.blog.br\/v1\/wp-json\/wp\/v2\/comments?post=88029"}],"version-history":[{"count":2,"href":"https:\/\/www.blogdothame.blog.br\/v1\/wp-json\/wp\/v2\/posts\/88029\/revisions"}],"predecessor-version":[{"id":88032,"href":"https:\/\/www.blogdothame.blog.br\/v1\/wp-json\/wp\/v2\/posts\/88029\/revisions\/88032"}],"wp:attachment":[{"href":"https:\/\/www.blogdothame.blog.br\/v1\/wp-json\/wp\/v2\/media?parent=88029"}],"wp:term":[{"taxonomy":"category","embeddable":true,"href":"https:\/\/www.blogdothame.blog.br\/v1\/wp-json\/wp\/v2\/categories?post=88029"},{"taxonomy":"post_tag","embeddable":true,"href":"https:\/\/www.blogdothame.blog.br\/v1\/wp-json\/wp\/v2\/tags?post=88029"}],"curies":[{"name":"wp","href":"https:\/\/api.w.org\/{rel}","templated":true}]}}