{"id":87865,"date":"2019-03-17T10:14:38","date_gmt":"2019-03-17T13:14:38","guid":{"rendered":"http:\/\/www.blogdothame.blog.br\/v1\/?p=87865"},"modified":"2019-03-17T10:16:13","modified_gmt":"2019-03-17T13:16:13","slug":"carta-do-presidente-lula-aos-comites-lula-livre","status":"publish","type":"post","link":"https:\/\/www.blogdothame.blog.br\/v1\/2019\/03\/17\/carta-do-presidente-lula-aos-comites-lula-livre\/","title":{"rendered":"Carta do presidente Lula aos comit\u00eas Lula Livre"},"content":{"rendered":"<p>Meus amigos e minhas amigas,<\/p>\n<p><img loading=\"lazy\" class=\"alignleft size-medium wp-image-86631\" src=\"http:\/\/www.blogdothame.blog.br\/v1\/wp-content\/uploads\/2019\/02\/lula-livre-300x300.jpg\" alt=\"lula livre\" width=\"300\" height=\"300\" srcset=\"https:\/\/www.blogdothame.blog.br\/v1\/wp-content\/uploads\/2019\/02\/lula-livre-300x300.jpg 300w, https:\/\/www.blogdothame.blog.br\/v1\/wp-content\/uploads\/2019\/02\/lula-livre-150x150.jpg 150w, https:\/\/www.blogdothame.blog.br\/v1\/wp-content\/uploads\/2019\/02\/lula-livre.jpg 640w\" sizes=\"(max-width: 300px) 100vw, 300px\" \/>Quero, em primeiro lugar, agradecer a solidariedade e o carinho que tenho recebido do povo brasileiro e de lideran\u00e7as de outros pa\u00edses, neste quase um ano em que me encontro preso injustamente. Agrade\u00e7o especialmente aos companheiros da vig\u00edlia em Curitiba, que me confortam todos os dias, aos companheiros que constituem os comit\u00eas Lula Livre dentro e fora do Brasil, aos advogados, juristas, intelectuais e cidad\u00e3os democratas que se manifestam pela minha liberta\u00e7\u00e3o.<\/p>\n<p>A for\u00e7a que me faz resistir a essa prova\u00e7\u00e3o vem de voc\u00eas e da convic\u00e7\u00e3o de que sou inocente. Mas resisto principalmente porque sei que ainda tenho uma miss\u00e3o importante a cumprir neste momento em que a democracia, a soberania nacional e os direitos do povo brasileiro s\u00e3o amea\u00e7ados por interesses econ\u00f4micos e pol\u00edticos poderosos, inclusive de pot\u00eancias estrangeiras.<\/p>\n<p>Como sempre fiz em minha vida, e l\u00e1 se v\u00e3o mais de 45 anos de atividade sindical e pol\u00edtica, encaro essa miss\u00e3o como um desafio coletivo. A luta que fa\u00e7o para ter um julgamento justo, em que minha inoc\u00eancia seja reconhecida diante das provas irrefut\u00e1veis da defesa, s\u00f3 faz sentido se for compreendida como parte da defesa da democracia, da retomada do estado de direito e do projeto de desenvolvimento com inclus\u00e3o social que o pa\u00eds quer reconstruir.<\/p>\n<p>A cada dia que passa fica mais claro para a popula\u00e7\u00e3o e para a opini\u00e3o p\u00fablica internacional que fui condenado e preso pelo \u00fanico motivo de que, livre e candidato, seria eleito presidente pela grande maioria da popula\u00e7\u00e3o. Minha candidatura era a resposta do povo ao entreguismo, ao abandono dos programas sociais, ao desemprego, \u00e0 volta da fome, a todo o mal implantado pelo golpe do impeachment. \u00c9 uma luta que temos de levar juntos, em nome de todos.<\/p>\n<p>Para me tirar das elei\u00e7\u00f5es, montaram uma farsa judicial com a cobertura dos grandes meios de comunica\u00e7\u00e3o, tendo a Rede Globo \u00e0 frente. Envenenaram a popula\u00e7\u00e3o com horas e horas de notici\u00e1rio mentiroso, em que a Lava Jato acusava e minha defesa era menosprezada, quando n\u00e3o era simplesmente censurada. A Constitui\u00e7\u00e3o e as leis foram desrespeitadas, como se houvesse um c\u00f3digo penal de exce\u00e7\u00e3o, s\u00f3 para o Lula, no qual meus direitos foram sistematicamente negados.<\/p>\n<p>Como se n\u00e3o bastasse me prender, por crimes que jamais cometi, proibiram que eu participasse dos debates e da<img loading=\"lazy\" class=\"alignleft size-medium wp-image-87157\" src=\"http:\/\/www.blogdothame.blog.br\/v1\/wp-content\/uploads\/2019\/02\/lula-paz-300x107.jpg\" alt=\"lula paz\" width=\"300\" height=\"107\" srcset=\"https:\/\/www.blogdothame.blog.br\/v1\/wp-content\/uploads\/2019\/02\/lula-paz-300x107.jpg 300w, https:\/\/www.blogdothame.blog.br\/v1\/wp-content\/uploads\/2019\/02\/lula-paz.jpg 1000w\" sizes=\"(max-width: 300px) 100vw, 300px\" \/>s sabatinas no processo eleitoral; proibiram minha candidatura, contrariando a lei e a ONU; proibiram que eu desse entrevistas, proibiram at\u00e9 que eu comparecesse ao vel\u00f3rio de meu irm\u00e3o mais velho. Querem que eu desapare\u00e7a, mas n\u00e3o \u00e9 de mim que t\u00eam medo: \u00e9 do povo que se identifica com nosso projeto e viu em minha candidatura a esperan\u00e7a de recuperar o caminho de uma vida melhor.<\/p>\n<p>Dias atr\u00e1s, ao me despedir do meu querido neto Arthur, senti todo o peso da injusti\u00e7a que atingiu minha fam\u00edlia. O pequeno Arthur foi discriminado na escola por ser meu neto e sofreu muito com isso. Ent\u00e3o, prometi a ele que n\u00e3o vou descansar at\u00e9 que minha inoc\u00eancia seja reconhecida num julgamento justo.<\/p>\n<p>Na emo\u00e7\u00e3o daquele momento, recordo-me de ter dito: \u201cVou te mostrar que os verdadeiros ladr\u00f5es s\u00e3o os que me condenaram\u201d. Pouco depois, o jornalista Lu\u00eds Nassif revelou ao p\u00fablico o acordo ilegal e secreto entre os procuradores da Lava Jato, a 13a. Vara Federal de Curitiba, o governo dos Estados Unidos e a Petrobras, envolvendo uma quantia de 2,5 bilh\u00f5es de reais.<\/p>\n<p>Essa quantia foi tomada \u00e0 maior empresa do povo brasileiro por uma corte de Nova Iorque, com base em dela\u00e7\u00f5es levadas a eles pelos procuradores do Brasil.<br \/>\nE eles foram l\u00e1 aos Estados Unidos, com a cobertura do ent\u00e3o procurador-geral da Rep\u00fablica, para fragilizar ainda mais uma empresa que \u00e9 alvo de cobi\u00e7a internacional.<\/p>\n<p>Em troca dessa fortuna, a Lava Jato se comprometeu a entregar ao estrangeiro os segredos e informa\u00e7\u00f5es estrat\u00e9gicas da nossa Petrobras.<\/p>\n<p>N\u00e3o se trata de convic\u00e7\u00f5es, mas de provas concretas: documentos assinados, atos de of\u00edcio de autoridades p\u00fablicas. Estes moralistas sem moral ocupam hoje altos cargos no governo que s\u00f3 foi eleito porque eles impediram minha candidatura. Mas quem est\u00e1 preso \u00e9 o Lula, que nunca foi dono de apartamento nem de s\u00edtio, que nunca assinou contratos da Petrobras, que nunca teve contas secretas como essa funda\u00e7\u00e3o que foi descoberta agora.<\/p>\n<p>Mais do que manifestar indigna\u00e7\u00e3o com esses fatos, quero dizer a voc\u00eas que o tempo est\u00e1 revelando a verdade. Que n\u00e3o podemos perder a esperan\u00e7a de que a verdade vencer\u00e1, e ela est\u00e1 do nosso lado. Por isso, pe\u00e7o a cada um e a cada uma que fortale\u00e7am cada vez mais a nossa luta pela democracia e pela justi\u00e7a. E s\u00f3 vamos alcan\u00e7ar esses objetivos defendendo os direitos do povo e a soberania nacional, porque foi contra estes valores que fizeram o golpe e interferiram na elei\u00e7\u00e3o. Foi para entregar nossas riquezas e reverter as conquistas sociais. Que os comit\u00eas Lula Livre tenham isso bem claro e atuem cada vez mais na sociedade, nas redes, nas escolas e nas ruas.<\/p>\n<p>Tenho f\u00e9 em Deus e confian\u00e7a em nossa organiza\u00e7\u00e3o para afirmar com muita certeza: nosso reencontro vir\u00e1. E o Brasil poder\u00e1 sonhar novamente com futuro melhor para todos.<\/p>\n<p>Muito obrigado, e vamos \u00e0 luta, companheiros e companheiras.<\/p>\n<p>Um grande abra\u00e7o do<\/p>\n<p><strong><em>Luiz In\u00e1cio Lula da Silva<\/em><\/strong><\/p>\n<p><em>Curitiba, 16 de mar\u00e7o de 2019<\/em><\/p>\n","protected":false},"excerpt":{"rendered":"<p>Meus amigos e minhas amigas, Quero, em primeiro lugar, agradecer a solidariedade e o carinho que tenho recebido do povo brasileiro e de lideran\u00e7as de outros pa\u00edses, neste quase um ano em que me encontro preso injustamente. Agrade\u00e7o especialmente aos companheiros da vig\u00edlia em Curitiba, que me confortam todos os dias, aos companheiros que constituem [&hellip;]<\/p>\n","protected":false},"author":2,"featured_media":0,"comment_status":"open","ping_status":"open","sticky":false,"template":"","format":"standard","meta":{"_links_to":"","_links_to_target":""},"categories":[1],"tags":[23883,23882,11962],"_links":{"self":[{"href":"https:\/\/www.blogdothame.blog.br\/v1\/wp-json\/wp\/v2\/posts\/87865"}],"collection":[{"href":"https:\/\/www.blogdothame.blog.br\/v1\/wp-json\/wp\/v2\/posts"}],"about":[{"href":"https:\/\/www.blogdothame.blog.br\/v1\/wp-json\/wp\/v2\/types\/post"}],"author":[{"embeddable":true,"href":"https:\/\/www.blogdothame.blog.br\/v1\/wp-json\/wp\/v2\/users\/2"}],"replies":[{"embeddable":true,"href":"https:\/\/www.blogdothame.blog.br\/v1\/wp-json\/wp\/v2\/comments?post=87865"}],"version-history":[{"count":3,"href":"https:\/\/www.blogdothame.blog.br\/v1\/wp-json\/wp\/v2\/posts\/87865\/revisions"}],"predecessor-version":[{"id":87868,"href":"https:\/\/www.blogdothame.blog.br\/v1\/wp-json\/wp\/v2\/posts\/87865\/revisions\/87868"}],"wp:attachment":[{"href":"https:\/\/www.blogdothame.blog.br\/v1\/wp-json\/wp\/v2\/media?parent=87865"}],"wp:term":[{"taxonomy":"category","embeddable":true,"href":"https:\/\/www.blogdothame.blog.br\/v1\/wp-json\/wp\/v2\/categories?post=87865"},{"taxonomy":"post_tag","embeddable":true,"href":"https:\/\/www.blogdothame.blog.br\/v1\/wp-json\/wp\/v2\/tags?post=87865"}],"curies":[{"name":"wp","href":"https:\/\/api.w.org\/{rel}","templated":true}]}}