{"id":87371,"date":"2019-03-01T07:19:44","date_gmt":"2019-03-01T10:19:44","guid":{"rendered":"http:\/\/www.blogdothame.blog.br\/v1\/?p=87371"},"modified":"2019-02-28T16:27:37","modified_gmt":"2019-02-28T19:27:37","slug":"aci-lanca-programa-empreender","status":"publish","type":"post","link":"https:\/\/www.blogdothame.blog.br\/v1\/2019\/03\/01\/aci-lanca-programa-empreender\/","title":{"rendered":"ACI  lan\u00e7a Programa Empreender"},"content":{"rendered":"<p><img loading=\"lazy\" class=\"aligncenter  wp-image-87373\" src=\"http:\/\/www.blogdothame.blog.br\/v1\/wp-content\/uploads\/2019\/02\/FOTO-ASCOM-ACI-72-1024x498.jpeg\" alt=\"FOTO ASCOM ACI (72)\" width=\"459\" height=\"223\" srcset=\"https:\/\/www.blogdothame.blog.br\/v1\/wp-content\/uploads\/2019\/02\/FOTO-ASCOM-ACI-72-1024x498.jpeg 1024w, https:\/\/www.blogdothame.blog.br\/v1\/wp-content\/uploads\/2019\/02\/FOTO-ASCOM-ACI-72-300x146.jpeg 300w, https:\/\/www.blogdothame.blog.br\/v1\/wp-content\/uploads\/2019\/02\/FOTO-ASCOM-ACI-72.jpeg 1280w\" sizes=\"(max-width: 459px) 100vw, 459px\" \/><\/p>\n<p>A Associa\u00e7\u00e3o Comercial e Empresarial de Itabuna, no audit\u00f3rio do Hospital de Olhos Beira Rio, micro e pequenos empres\u00e1rios dos ramos de hotelaria, sal\u00e3o de beleza, panificadora, oficina mec\u00e2nica e mercados para o lan\u00e7amento oficial do Programa Empreender que visa fomentar e desenvolver os pequenos neg\u00f3cios do munic\u00edpio, a fim de, torn\u00e1-los competitivos, unindo profissionais do mesmo setor.<\/p>\n<p><img loading=\"lazy\" class=\"alignright size-medium wp-image-87372\" src=\"http:\/\/www.blogdothame.blog.br\/v1\/wp-content\/uploads\/2019\/02\/Adriano-C\u00e2mara-FOTO-ASCOM-ACI-105-182x300.jpeg\" alt=\"Adriano C\u00e2mara FOTO ASCOM ACI (105)\" width=\"182\" height=\"300\" srcset=\"https:\/\/www.blogdothame.blog.br\/v1\/wp-content\/uploads\/2019\/02\/Adriano-C\u00e2mara-FOTO-ASCOM-ACI-105-182x300.jpeg 182w, https:\/\/www.blogdothame.blog.br\/v1\/wp-content\/uploads\/2019\/02\/Adriano-C\u00e2mara-FOTO-ASCOM-ACI-105-620x1024.jpeg 620w, https:\/\/www.blogdothame.blog.br\/v1\/wp-content\/uploads\/2019\/02\/Adriano-C\u00e2mara-FOTO-ASCOM-ACI-105.jpeg 622w\" sizes=\"(max-width: 182px) 100vw, 182px\" \/>O economista e especialista em varejo e cultura da coopera\u00e7\u00e3o, Adriano C\u00e2mera, destacou o tema: Associativismo de Impacto: O Empreender reorientando empres\u00e1rios, e pontuou cen\u00e1rios atuais e futuros, al\u00e9m de destacar a import\u00e2ncia da uni\u00e3o entre empres\u00e1rios do mesmo seguimento. \u201cO programa retorna para Itabuna para desenvolver a economia dela no chamado n\u00facleos setoriais, para buscar solu\u00e7\u00f5es de problemas apontados pelos pr\u00f3prios empres\u00e1rios. \u00c9 uma nova forma de estar promovendo o associativismo, a quebra do isolamento empresarial e o aumento da competitividade da micro e pequena empresa\u2019, destacou.<\/p>\n<p>Para microempres\u00e1ria, Jocimara Santos, propriet\u00e1ria de um sal\u00e3o de beleza, o Projeto j\u00e1 iniciou desmistificando um conceito que ela tinha desde o in\u00edcio do seu neg\u00f3cio: \u201cEu sempre vi os profissionais do mesmo setor como meus concorrentes, mas agora olhando pela \u00f3tica apresentada, se estivermos unidos, teremos a possibilidade de crescer e melhorar as nossas empresas. J\u00e1 estou na expectativa de come\u00e7ar o projeto, na pr\u00e1tica, e poder aplicar tudo que for passado. Eu acredito que essa jun\u00e7\u00e3o dos profissionais ir\u00e1 alavancar os setores e profissionalizar ainda mais o segmento\u201d, disse.<\/p>\n<p><!--more--><\/p>\n<p><img loading=\"lazy\" class=\"alignleft size-medium wp-image-87374\" src=\"http:\/\/www.blogdothame.blog.br\/v1\/wp-content\/uploads\/2019\/02\/FOTO-ASCOM-ACI-42-300x146.jpeg\" alt=\"FOTO ASCOM ACI (42)\" width=\"300\" height=\"146\" srcset=\"https:\/\/www.blogdothame.blog.br\/v1\/wp-content\/uploads\/2019\/02\/FOTO-ASCOM-ACI-42-300x146.jpeg 300w, https:\/\/www.blogdothame.blog.br\/v1\/wp-content\/uploads\/2019\/02\/FOTO-ASCOM-ACI-42-1024x498.jpeg 1024w, https:\/\/www.blogdothame.blog.br\/v1\/wp-content\/uploads\/2019\/02\/FOTO-ASCOM-ACI-42.jpeg 1280w\" sizes=\"(max-width: 300px) 100vw, 300px\" \/>Esse \u00e9 o mesmo pensamento do empres\u00e1rio, Newton Isozaki, que atua no segmento de m\u00e1quinas agr\u00edcolas e industriais. \u201cEssas a\u00e7\u00f5es nos fortalecem como entidade, fortalece o munic\u00edpio e nos fortalece como empres\u00e1rios tamb\u00e9m. Esse projeto chega para mudar o munic\u00edpio, injetar um novo \u00e2nimo na cidade, que \u00e9 refer\u00eancia no com\u00e9rcio no interior da Bahia. Com este projeto, os empres\u00e1rios, do mesmo setor, ter\u00e3o condi\u00e7\u00f5es de discutir solu\u00e7\u00f5es para as dificuldades comuns, e juntos resolver problemas que h\u00e1 muito tempo os aflige, e isso \u00e9 muito importante, \u201d celebrou.<\/p>\n<p>O programa permite ao empres\u00e1rio uma consultoria gratuita sobre como melhorar a gest\u00e3o do seu neg\u00f3cio, a partir de a\u00e7\u00f5es espec\u00edficas voltadas para cada segmento de mercado, na cidade ele ser\u00e1 acompanhado pelo consultor Valdemir Souza. E est\u00e1 sendo desenvolvido em parceria com a Federa\u00e7\u00e3o das Associa\u00e7\u00f5es Comerciais e Empresariais da Bahia \u2013 Faceb e o Servi\u00e7o Brasileiro de Apoio \u00e0s Micro e Pequenas Empresas \u2013 Sebrae.<\/p>\n<p>O vice-presidente da ACI, Eduardo Carqueija J\u00fanior informou que o lan\u00e7amento do Empreender j\u00e1 mostra o sucesso que ele ser\u00e1 para a regi\u00e3o. \u201cEsse primeiro momento j\u00e1 mostrou para os empres\u00e1rios que, apesar de concorrentes, h\u00e1 muitos pontos que os unem, ent\u00e3o o resultado de hoje, nos deixou bastante satisfeitos e temos a certeza que o Programa ser\u00e1 um sucesso\u201d, concluiu.<\/p>\n<p>&nbsp;<\/p>\n","protected":false},"excerpt":{"rendered":"<p>A Associa\u00e7\u00e3o Comercial e Empresarial de Itabuna, no audit\u00f3rio do Hospital de Olhos Beira Rio, micro e pequenos empres\u00e1rios dos ramos de hotelaria, sal\u00e3o de beleza, panificadora, oficina mec\u00e2nica e mercados para o lan\u00e7amento oficial do Programa Empreender que visa fomentar e desenvolver os pequenos neg\u00f3cios do munic\u00edpio, a fim de, torn\u00e1-los competitivos, unindo profissionais [&hellip;]<\/p>\n","protected":false},"author":2,"featured_media":0,"comment_status":"open","ping_status":"open","sticky":false,"template":"","format":"standard","meta":{"_links_to":"","_links_to_target":""},"categories":[1],"tags":[6855,39,23661],"_links":{"self":[{"href":"https:\/\/www.blogdothame.blog.br\/v1\/wp-json\/wp\/v2\/posts\/87371"}],"collection":[{"href":"https:\/\/www.blogdothame.blog.br\/v1\/wp-json\/wp\/v2\/posts"}],"about":[{"href":"https:\/\/www.blogdothame.blog.br\/v1\/wp-json\/wp\/v2\/types\/post"}],"author":[{"embeddable":true,"href":"https:\/\/www.blogdothame.blog.br\/v1\/wp-json\/wp\/v2\/users\/2"}],"replies":[{"embeddable":true,"href":"https:\/\/www.blogdothame.blog.br\/v1\/wp-json\/wp\/v2\/comments?post=87371"}],"version-history":[{"count":2,"href":"https:\/\/www.blogdothame.blog.br\/v1\/wp-json\/wp\/v2\/posts\/87371\/revisions"}],"predecessor-version":[{"id":87379,"href":"https:\/\/www.blogdothame.blog.br\/v1\/wp-json\/wp\/v2\/posts\/87371\/revisions\/87379"}],"wp:attachment":[{"href":"https:\/\/www.blogdothame.blog.br\/v1\/wp-json\/wp\/v2\/media?parent=87371"}],"wp:term":[{"taxonomy":"category","embeddable":true,"href":"https:\/\/www.blogdothame.blog.br\/v1\/wp-json\/wp\/v2\/categories?post=87371"},{"taxonomy":"post_tag","embeddable":true,"href":"https:\/\/www.blogdothame.blog.br\/v1\/wp-json\/wp\/v2\/tags?post=87371"}],"curies":[{"name":"wp","href":"https:\/\/api.w.org\/{rel}","templated":true}]}}