{"id":87362,"date":"2019-02-28T13:00:10","date_gmt":"2019-02-28T16:00:10","guid":{"rendered":"http:\/\/www.blogdothame.blog.br\/v1\/?p=87362"},"modified":"2019-02-28T11:52:04","modified_gmt":"2019-02-28T14:52:04","slug":"feira-de-produtos-organicos-movimenta-mercado-de-produtos-saudaveis-em-itabuna","status":"publish","type":"post","link":"https:\/\/www.blogdothame.blog.br\/v1\/2019\/02\/28\/feira-de-produtos-organicos-movimenta-mercado-de-produtos-saudaveis-em-itabuna\/","title":{"rendered":"Feira de Produtos Org\u00e2nicos movimenta  mercado de alimentos saud\u00e1veis em Itabuna"},"content":{"rendered":"<p><img loading=\"lazy\" class=\"aligncenter  wp-image-87364\" src=\"http:\/\/www.blogdothame.blog.br\/v1\/wp-content\/uploads\/2019\/02\/feira-o-2.jpg\" alt=\"feira o (2)\" width=\"419\" height=\"280\" srcset=\"https:\/\/www.blogdothame.blog.br\/v1\/wp-content\/uploads\/2019\/02\/feira-o-2.jpg 900w, https:\/\/www.blogdothame.blog.br\/v1\/wp-content\/uploads\/2019\/02\/feira-o-2-300x200.jpg 300w\" sizes=\"(max-width: 419px) 100vw, 419px\" \/><\/p>\n<p>Os consumidores itabunenses que apreciam produtos org\u00e2nicos tem um motivo a mais para frequentar a feirinha de produtos org\u00e2nicos que passou a funcionar no estacionamento da C\u00e2mara de Vereadores. A feiraa \u00e9 realizada com o apoio da Prefeitura Municipal de Itabuna, atrav\u00e9s do Departamento de Agricultura,\u00a0 da Sesttran (Secretaria de Seguran\u00e7a, Transporte e Tr\u00e2nsito), da C\u00e2mara Municipal de Vereadores, da Biof\u00e1brica e da Coofaps.<\/p>\n<p><img loading=\"lazy\" class=\"alignright size-medium wp-image-87363\" src=\"http:\/\/www.blogdothame.blog.br\/v1\/wp-content\/uploads\/2019\/02\/feira-o-1-300x200.jpg\" alt=\"feira o (1)\" width=\"300\" height=\"200\" srcset=\"https:\/\/www.blogdothame.blog.br\/v1\/wp-content\/uploads\/2019\/02\/feira-o-1-300x200.jpg 300w, https:\/\/www.blogdothame.blog.br\/v1\/wp-content\/uploads\/2019\/02\/feira-o-1.jpg 900w\" sizes=\"(max-width: 300px) 100vw, 300px\" \/>A Feira conta com 15 barracas que representam diversos grupos de Assentamentos da Reforma Agr\u00e1ria e de Agricultores Familiares de 24 munic\u00edpios dos Territ\u00f3rios Baixo Sul, Litoral Sul, Costa do Descobrimento e tamb\u00e9m de outros estados. Cl\u00e1udio Lyrio, membro da Esta\u00e7\u00e3o Org\u00e2nica Grapi\u00fana, que \u00e9 respons\u00e1vel pela gest\u00e3o da feira, ressalta que ela \u00e9 uma iniciativa da Rede de Agroecologia e Certifica\u00e7\u00e3o Participativa dos Povos da Mata e do Centro de Agroecologia e Educa\u00e7\u00e3o da Mata Atl\u00e2ntica (OCA).<\/p>\n<p>\u201cNossa feira se destaca por fazer parte da 1\u00aa Rede de Certifica\u00e7\u00e3o Org\u00e2nica Participativa da Bahia, que \u00e9 credenciada pelo Minist\u00e9rio da Agricultura para a comercializa\u00e7\u00e3o de produtos org\u00e2nicos\u201d, lembra. Frutas, hortali\u00e7as, verduras, ra\u00edzes, plantas medicinais, polpas de frutas, produtos processados, al\u00e9m de diversos tipos de sementes s\u00e3o comercializados na feira acontece toda quinta-feira, das 07 \u00e0s 11h.\u00a0\u201cPara comercializa\u00e7\u00e3o de diversos tipos de sementes, a exemplo de arroz, feij\u00e3o, linha\u00e7a, contamos com a representa\u00e7\u00e3o de um grupo do Paran\u00e1, mas n\u00e3o paramos, estamos trabalhando para trazer novos grupos de outras regi\u00f5es do pa\u00eds\u201d.<\/p>\n","protected":false},"excerpt":{"rendered":"<p>Os consumidores itabunenses que apreciam produtos org\u00e2nicos tem um motivo a mais para frequentar a feirinha de produtos org\u00e2nicos que passou a funcionar no estacionamento da C\u00e2mara de Vereadores. A feiraa \u00e9 realizada com o apoio da Prefeitura Municipal de Itabuna, atrav\u00e9s do Departamento de Agricultura,\u00a0 da Sesttran (Secretaria de Seguran\u00e7a, Transporte e Tr\u00e2nsito), da [&hellip;]<\/p>\n","protected":false},"author":2,"featured_media":0,"comment_status":"open","ping_status":"open","sticky":false,"template":"","format":"standard","meta":{"_links_to":"","_links_to_target":""},"categories":[1],"tags":[17650,39],"_links":{"self":[{"href":"https:\/\/www.blogdothame.blog.br\/v1\/wp-json\/wp\/v2\/posts\/87362"}],"collection":[{"href":"https:\/\/www.blogdothame.blog.br\/v1\/wp-json\/wp\/v2\/posts"}],"about":[{"href":"https:\/\/www.blogdothame.blog.br\/v1\/wp-json\/wp\/v2\/types\/post"}],"author":[{"embeddable":true,"href":"https:\/\/www.blogdothame.blog.br\/v1\/wp-json\/wp\/v2\/users\/2"}],"replies":[{"embeddable":true,"href":"https:\/\/www.blogdothame.blog.br\/v1\/wp-json\/wp\/v2\/comments?post=87362"}],"version-history":[{"count":2,"href":"https:\/\/www.blogdothame.blog.br\/v1\/wp-json\/wp\/v2\/posts\/87362\/revisions"}],"predecessor-version":[{"id":87366,"href":"https:\/\/www.blogdothame.blog.br\/v1\/wp-json\/wp\/v2\/posts\/87362\/revisions\/87366"}],"wp:attachment":[{"href":"https:\/\/www.blogdothame.blog.br\/v1\/wp-json\/wp\/v2\/media?parent=87362"}],"wp:term":[{"taxonomy":"category","embeddable":true,"href":"https:\/\/www.blogdothame.blog.br\/v1\/wp-json\/wp\/v2\/categories?post=87362"},{"taxonomy":"post_tag","embeddable":true,"href":"https:\/\/www.blogdothame.blog.br\/v1\/wp-json\/wp\/v2\/tags?post=87362"}],"curies":[{"name":"wp","href":"https:\/\/api.w.org\/{rel}","templated":true}]}}