{"id":87317,"date":"2019-02-27T15:38:42","date_gmt":"2019-02-27T18:38:42","guid":{"rendered":"http:\/\/www.blogdothame.blog.br\/v1\/?p=87317"},"modified":"2019-02-27T15:38:42","modified_gmt":"2019-02-27T18:38:42","slug":"rui-se-reune-com-gestores-pedagogicos-da-chapada-diamantina-para-discutir-a-educacao-no-estado","status":"publish","type":"post","link":"https:\/\/www.blogdothame.blog.br\/v1\/2019\/02\/27\/rui-se-reune-com-gestores-pedagogicos-da-chapada-diamantina-para-discutir-a-educacao-no-estado\/","title":{"rendered":"Rui se re\u00fane com gestores pedag\u00f3gicos da Chapada Diamantina para discutir a educa\u00e7\u00e3o no estado"},"content":{"rendered":"<p><img loading=\"lazy\" class=\"aligncenter  wp-image-87319\" src=\"http:\/\/www.blogdothame.blog.br\/v1\/wp-content\/uploads\/2019\/02\/Foto-Mateus-Pereira_GOVBA-2-1024x681.jpeg\" alt=\"Foto Mateus Pereira_GOVBA (2)\" width=\"416\" height=\"277\" srcset=\"https:\/\/www.blogdothame.blog.br\/v1\/wp-content\/uploads\/2019\/02\/Foto-Mateus-Pereira_GOVBA-2-1024x681.jpeg 1024w, https:\/\/www.blogdothame.blog.br\/v1\/wp-content\/uploads\/2019\/02\/Foto-Mateus-Pereira_GOVBA-2-300x199.jpeg 300w, https:\/\/www.blogdothame.blog.br\/v1\/wp-content\/uploads\/2019\/02\/Foto-Mateus-Pereira_GOVBA-2.jpeg 1280w\" sizes=\"(max-width: 416px) 100vw, 416px\" \/><\/p>\n<p>Com a finalidade de discutir demandas da rede estadual de Educa\u00e7\u00e3o, o governador Rui Costa se reuniu com diretores, vice-diretores e coordenadores pedag\u00f3gicos em Len\u00e7\u00f3is, na regi\u00e3o da Chapada Diamantina, nesta quarta-feira (27).<\/p>\n<p>\u201cO objetivo desses encontros \u00e9 aproximar ainda mais a Secretaria da Educa\u00e7\u00e3o de cada unidade escolar, conhecendo as boas refer\u00eancias, boas pr\u00e1ticas e os excelentes resultados, como uma das escolas aqui que est\u00e1 entre os tr\u00eas melhores Idebs [\u00cdndice de Desenvolvimento da Educa\u00e7\u00e3o B\u00e1sica] da Bahia. Tamb\u00e9m ouvimos as necessidades e car\u00eancias das escolas, al\u00e9m das medidas de curto e m\u00e9dio prazo que precisam ser adotadas para fortalecer a educa\u00e7\u00e3o no estado\u201d, explicou o governador.<br \/>\n<img loading=\"lazy\" class=\"alignleft size-medium wp-image-87318\" src=\"http:\/\/www.blogdothame.blog.br\/v1\/wp-content\/uploads\/2019\/02\/Foto-Mateus-Pereira_GOVBA-5-300x199.jpeg\" alt=\"Foto Mateus Pereira_GOVBA (5)\" width=\"300\" height=\"199\" srcset=\"https:\/\/www.blogdothame.blog.br\/v1\/wp-content\/uploads\/2019\/02\/Foto-Mateus-Pereira_GOVBA-5-300x199.jpeg 300w, https:\/\/www.blogdothame.blog.br\/v1\/wp-content\/uploads\/2019\/02\/Foto-Mateus-Pereira_GOVBA-5-1024x681.jpeg 1024w, https:\/\/www.blogdothame.blog.br\/v1\/wp-content\/uploads\/2019\/02\/Foto-Mateus-Pereira_GOVBA-5.jpeg 1280w\" sizes=\"(max-width: 300px) 100vw, 300px\" \/>Os profissionais s\u00e3o ligados a 39 unidades escolares que pertencem ao N\u00facleo Territorial de Educa\u00e7\u00e3o de Seabra (NTE 3). O encontro promovido pela Secretaria de Educa\u00e7\u00e3o do Estado contou com a presen\u00e7a do titular da pasta, Jer\u00f4nimo Rodrigues, do sub-secret\u00e1rio Danilo Melo, al\u00e9m da equipe t\u00e9cnica da Secretaria.<br \/>\n\u201cCom todos unidos, conseguimos resolver os problemas operacionais, de infraestrutura e tamb\u00e9m de forma\u00e7\u00e3o, para que a escola esteja pronta para seguir com o processo de aprendizagem dos nossos alunos\u201d, afirmou o secret\u00e1rio da Educa\u00e7\u00e3o, Jer\u00f4nimo Rodrigues.<br \/>\nEste foi o terceiro encontro realizado do total de 27 que j\u00e1 est\u00e3o programados para acontecer em v\u00e1rias partes do estado. A a\u00e7\u00e3o faz parte da estrat\u00e9gia que busca a melhoria dos \u00edndices educacionais na Bahia.<\/p>\n<p><!--more--><\/p>\n<p>&nbsp;<\/p>\n<p>Visita<br \/>\nAp\u00f3s a reuni\u00e3o com professores, o governador ainda visitou a escola estadual no munic\u00edpio, o Centro Educacional Renato Pereira Viana. Na ocasi\u00e3o, foram discutidas possibilidades de melhorias na infraestrutura da unidade de ensino. (Fotos: Mateus Pereira\/GOVBA)<\/p>\n","protected":false},"excerpt":{"rendered":"<p>Com a finalidade de discutir demandas da rede estadual de Educa\u00e7\u00e3o, o governador Rui Costa se reuniu com diretores, vice-diretores e coordenadores pedag\u00f3gicos em Len\u00e7\u00f3is, na regi\u00e3o da Chapada Diamantina, nesta quarta-feira (27). \u201cO objetivo desses encontros \u00e9 aproximar ainda mais a Secretaria da Educa\u00e7\u00e3o de cada unidade escolar, conhecendo as boas refer\u00eancias, boas pr\u00e1ticas [&hellip;]<\/p>\n","protected":false},"author":2,"featured_media":0,"comment_status":"open","ping_status":"open","sticky":false,"template":"","format":"standard","meta":{"_links_to":"","_links_to_target":""},"categories":[1],"tags":[1364,60,23781,615],"_links":{"self":[{"href":"https:\/\/www.blogdothame.blog.br\/v1\/wp-json\/wp\/v2\/posts\/87317"}],"collection":[{"href":"https:\/\/www.blogdothame.blog.br\/v1\/wp-json\/wp\/v2\/posts"}],"about":[{"href":"https:\/\/www.blogdothame.blog.br\/v1\/wp-json\/wp\/v2\/types\/post"}],"author":[{"embeddable":true,"href":"https:\/\/www.blogdothame.blog.br\/v1\/wp-json\/wp\/v2\/users\/2"}],"replies":[{"embeddable":true,"href":"https:\/\/www.blogdothame.blog.br\/v1\/wp-json\/wp\/v2\/comments?post=87317"}],"version-history":[{"count":1,"href":"https:\/\/www.blogdothame.blog.br\/v1\/wp-json\/wp\/v2\/posts\/87317\/revisions"}],"predecessor-version":[{"id":87320,"href":"https:\/\/www.blogdothame.blog.br\/v1\/wp-json\/wp\/v2\/posts\/87317\/revisions\/87320"}],"wp:attachment":[{"href":"https:\/\/www.blogdothame.blog.br\/v1\/wp-json\/wp\/v2\/media?parent=87317"}],"wp:term":[{"taxonomy":"category","embeddable":true,"href":"https:\/\/www.blogdothame.blog.br\/v1\/wp-json\/wp\/v2\/categories?post=87317"},{"taxonomy":"post_tag","embeddable":true,"href":"https:\/\/www.blogdothame.blog.br\/v1\/wp-json\/wp\/v2\/tags?post=87317"}],"curies":[{"name":"wp","href":"https:\/\/api.w.org\/{rel}","templated":true}]}}