{"id":87296,"date":"2019-02-27T13:27:52","date_gmt":"2019-02-27T16:27:52","guid":{"rendered":"http:\/\/www.blogdothame.blog.br\/v1\/?p=87296"},"modified":"2019-02-27T10:08:01","modified_gmt":"2019-02-27T13:08:01","slug":"feira-de-mudas-da-biofabrica-em-ilheus","status":"publish","type":"post","link":"https:\/\/www.blogdothame.blog.br\/v1\/2019\/02\/27\/feira-de-mudas-da-biofabrica-em-ilheus\/","title":{"rendered":"Feira de Mudas da Biof\u00e1brica em Ilh\u00e9us"},"content":{"rendered":"<p><img loading=\"lazy\" class=\"aligncenter  wp-image-87300\" src=\"http:\/\/www.blogdothame.blog.br\/v1\/wp-content\/uploads\/2019\/02\/bio-card.jpg\" alt=\"bio card\" width=\"385\" height=\"226\" srcset=\"https:\/\/www.blogdothame.blog.br\/v1\/wp-content\/uploads\/2019\/02\/bio-card.jpg 708w, https:\/\/www.blogdothame.blog.br\/v1\/wp-content\/uploads\/2019\/02\/bio-card-300x176.jpg 300w\" sizes=\"(max-width: 385px) 100vw, 385px\" \/><\/p>\n<p>Ilh\u00e9us recebe a Feira de Mudas da Biof\u00e1brica nesta quinta-feira (28). A partir das 8h, ilheenses e turistas poder\u00e3o adquirir mudas de fruteiras, como cacau, abacaxi e a\u00e7a\u00ed, ess\u00eancias florestais, como ip\u00ea, mogno e quaresmeira, mandioca e muitas outras variedades a partir de apenas R$ 1,40.\u00a0 O evento acontece at\u00e9 \u00e0s 13h na Avenida Soares Lopes, estacionamento da Catedral de S\u00e3o Sebasti\u00e3o, centro da cidade. &#8220;As altas temperaturas registradas neste ver\u00e3o nos servem de aviso de que est\u00e1 faltando olharmos com mais responsabilidade para o meio ambiente. Precisamos plantar mais, recompor a mata atl\u00e2ntica e preservar as nascentes dos rios. Nesses 20 anos da Biof\u00e1brica, nossa miss\u00e3o \u00e9 conscientizar e replantar&#8221;, destaca o diretor da Biof\u00e1brica, Lanns Almeida.<\/p>\n<p>&nbsp;<\/p>\n<p>A Feira de Mudas da Biof\u00e1brica tem o apoio do Governo da Bahia, por meio da Secretaria de Desenvolvimento Rural (SDR) e da Secretaria da Agricultura, Pecu\u00e1ria, Irriga\u00e7\u00e3o, Reforma Agr\u00e1ria, Pesca e Aq\u00fcicultura (SEAGRI).\u00a0 As mudas da Biof\u00e1brica de Cacau t\u00eam muitos diferenciais tecnol\u00f3gicos: s\u00e3o mais nutritivas, altamente produtivas, resistentes a doen\u00e7as como vassoura-de-bruxa, al\u00e9m de uma excelente rela\u00e7\u00e3o custo-benef\u00edcio. Os visitantes da Feira de Mudas ainda poder\u00e3o saber mais sobre plantio e caracter\u00edsticas das plantas conversando diretamente com a equipe t\u00e9cnica da Biof\u00e1brica de Cacau.<\/p>\n<p>&nbsp;<\/p>\n","protected":false},"excerpt":{"rendered":"<p>Ilh\u00e9us recebe a Feira de Mudas da Biof\u00e1brica nesta quinta-feira (28). A partir das 8h, ilheenses e turistas poder\u00e3o adquirir mudas de fruteiras, como cacau, abacaxi e a\u00e7a\u00ed, ess\u00eancias florestais, como ip\u00ea, mogno e quaresmeira, mandioca e muitas outras variedades a partir de apenas R$ 1,40.\u00a0 O evento acontece at\u00e9 \u00e0s 13h na Avenida Soares [&hellip;]<\/p>\n","protected":false},"author":2,"featured_media":0,"comment_status":"open","ping_status":"open","sticky":false,"template":"","format":"standard","meta":{"_links_to":"","_links_to_target":""},"categories":[1],"tags":[23471,218],"_links":{"self":[{"href":"https:\/\/www.blogdothame.blog.br\/v1\/wp-json\/wp\/v2\/posts\/87296"}],"collection":[{"href":"https:\/\/www.blogdothame.blog.br\/v1\/wp-json\/wp\/v2\/posts"}],"about":[{"href":"https:\/\/www.blogdothame.blog.br\/v1\/wp-json\/wp\/v2\/types\/post"}],"author":[{"embeddable":true,"href":"https:\/\/www.blogdothame.blog.br\/v1\/wp-json\/wp\/v2\/users\/2"}],"replies":[{"embeddable":true,"href":"https:\/\/www.blogdothame.blog.br\/v1\/wp-json\/wp\/v2\/comments?post=87296"}],"version-history":[{"count":4,"href":"https:\/\/www.blogdothame.blog.br\/v1\/wp-json\/wp\/v2\/posts\/87296\/revisions"}],"predecessor-version":[{"id":87301,"href":"https:\/\/www.blogdothame.blog.br\/v1\/wp-json\/wp\/v2\/posts\/87296\/revisions\/87301"}],"wp:attachment":[{"href":"https:\/\/www.blogdothame.blog.br\/v1\/wp-json\/wp\/v2\/media?parent=87296"}],"wp:term":[{"taxonomy":"category","embeddable":true,"href":"https:\/\/www.blogdothame.blog.br\/v1\/wp-json\/wp\/v2\/categories?post=87296"},{"taxonomy":"post_tag","embeddable":true,"href":"https:\/\/www.blogdothame.blog.br\/v1\/wp-json\/wp\/v2\/tags?post=87296"}],"curies":[{"name":"wp","href":"https:\/\/api.w.org\/{rel}","templated":true}]}}