{"id":86834,"date":"2019-02-14T15:31:33","date_gmt":"2019-02-14T18:31:33","guid":{"rendered":"http:\/\/www.blogdothame.blog.br\/v1\/?p=86834"},"modified":"2019-02-14T15:31:33","modified_gmt":"2019-02-14T18:31:33","slug":"em-feira-de-santana-rui-inaugura-colegio-estadual-com-capacidade-para-mais-de-mil-alunos","status":"publish","type":"post","link":"https:\/\/www.blogdothame.blog.br\/v1\/2019\/02\/14\/em-feira-de-santana-rui-inaugura-colegio-estadual-com-capacidade-para-mais-de-mil-alunos\/","title":{"rendered":"Em Feira de Santana, Rui inaugura col\u00e9gio estadual com capacidade para mais de mil alunos"},"content":{"rendered":"<p><img loading=\"lazy\" class=\"aligncenter  wp-image-86838\" src=\"http:\/\/www.blogdothame.blog.br\/v1\/wp-content\/uploads\/2019\/02\/feira-1.jpg\" alt=\"feira 1\" width=\"327\" height=\"218\" srcset=\"https:\/\/www.blogdothame.blog.br\/v1\/wp-content\/uploads\/2019\/02\/feira-1.jpg 512w, https:\/\/www.blogdothame.blog.br\/v1\/wp-content\/uploads\/2019\/02\/feira-1-300x200.jpg 300w\" sizes=\"(max-width: 327px) 100vw, 327px\" \/><\/p>\n<p>Na manh\u00e3 desta quinta-feira (14), em visita ao munic\u00edpio de Feira de Santana, o governador Rui Costa inaugurou o Col\u00e9gio Estadual F\u00eanix, localizado no bairro de Viveiros. Com seis salas de aula, quadra poliesportiva coberta, laborat\u00f3rios de ci\u00eancias e inform\u00e1tica, sala multim\u00eddia, cozinha, refeit\u00f3rio, biblioteca, al\u00e9m de salas de administra\u00e7\u00e3o e \u00e1rea externa, a unidade tem capacidade para atender mais de mil estudantes do sexto ano do Fundamental 2 ao terceiro ano do Ensino M\u00e9dio.<\/p>\n<p><img loading=\"lazy\" class=\"aligncenter size-medium wp-image-86835\" src=\"http:\/\/www.blogdothame.blog.br\/v1\/wp-content\/uploads\/2019\/02\/feira-2-300x200.jpg\" alt=\"feira 2\" width=\"300\" height=\"200\" srcset=\"https:\/\/www.blogdothame.blog.br\/v1\/wp-content\/uploads\/2019\/02\/feira-2-300x200.jpg 300w, https:\/\/www.blogdothame.blog.br\/v1\/wp-content\/uploads\/2019\/02\/feira-2.jpg 512w\" sizes=\"(max-width: 300px) 100vw, 300px\" \/><\/p>\n<p>\u201cFico feliz por entregar um novo col\u00e9gio aqui na cidade, que vai oferecer condi\u00e7\u00f5es melhores para essa crian\u00e7ada e juventude estudar. Pe\u00e7o que cuidem dessa escola, tanto os profissionais quanto os alunos e tamb\u00e9m as fam\u00edlias. Digo sempre que col\u00e9gio nenhum \u00e9 do prefeito, governador, vereador ou deputado. A escola \u00e9 um patrim\u00f4nio que pertence a toda a comunidade em que est\u00e1 inserida. Portanto, \u00e9 preciso que seja cuidada e preservada por todos\u201d, afirmou Rui Costa.<\/p>\n<p><!--more--><\/p>\n<p><img loading=\"lazy\" class=\"alignright size-medium wp-image-86836\" src=\"http:\/\/www.blogdothame.blog.br\/v1\/wp-content\/uploads\/2019\/02\/feira-4-300x200.jpg\" alt=\"feira 4\" width=\"300\" height=\"200\" srcset=\"https:\/\/www.blogdothame.blog.br\/v1\/wp-content\/uploads\/2019\/02\/feira-4-300x200.jpg 300w, https:\/\/www.blogdothame.blog.br\/v1\/wp-content\/uploads\/2019\/02\/feira-4.jpg 512w\" sizes=\"(max-width: 300px) 100vw, 300px\" \/>As obras contaram com um investimento de R$ 2,6 milh\u00f5es. De acordo com a diretora Lucinalva Oliveira, o col\u00e9gio vai melhorar a qualidade de ensino para os alunos da regi\u00e3o. \u201cO col\u00e9gio \u00e9 um beneficio enorme para as pessoas que moram aqui, porque essa \u00e9 uma comunidade muito afastada do centro. H\u00e1 muitos anos a popula\u00e7\u00e3o espera esse espa\u00e7o, em especial os pais que n\u00e3o v\u00e3o mais ter que se deslocar para outras regi\u00f5es para levarem seus filhos para a escola. Aqui os alunos poder\u00e3o estudar com conforto para aprender. Al\u00e9m de toda a estrutura moderna, essa escola tamb\u00e9m possui a primeira quadra coberta de toda a rede estadual de Feira de Santana para a pr\u00e1tica esportiva\u201d, destacou a diretora.<\/p>\n<p><img loading=\"lazy\" class=\"alignleft  wp-image-86837\" src=\"http:\/\/www.blogdothame.blog.br\/v1\/wp-content\/uploads\/2019\/02\/feira-3-300x200.jpg\" alt=\"feira 3\" width=\"254\" height=\"169\" srcset=\"https:\/\/www.blogdothame.blog.br\/v1\/wp-content\/uploads\/2019\/02\/feira-3-300x200.jpg 300w, https:\/\/www.blogdothame.blog.br\/v1\/wp-content\/uploads\/2019\/02\/feira-3.jpg 512w\" sizes=\"(max-width: 254px) 100vw, 254px\" \/>Para Feira de Santana, Rui tamb\u00e9m anunciou licita\u00e7\u00e3o para a recupera\u00e7\u00e3o da pavimenta\u00e7\u00e3o do acesso entre o bairro Viveiros e o Anel Rodovi\u00e1rio da cidade, no valor de mais de R$ 383 mil, beneficiando 120 mil moradores da regi\u00e3o.\u00a0\u00a0 Ainda durante a solenidade, o governador entregou 22 viaturas para os munic\u00edpios de Abrantes, Camacan, Cura\u00e7\u00e1, Dias D\u2019\u00e1vila, Ibotirama, Ipia\u00fa, Len\u00e7\u00f3is, Medeiros Netos, Porto Seguro, Seabra e Valen\u00e7a. Foram investidos R$ 536,54 mil para a aquisi\u00e7\u00e3o dos ve\u00edculos. (Fotos: Camila Souza\/GOVBA)<\/p>\n","protected":false},"excerpt":{"rendered":"<p>Na manh\u00e3 desta quinta-feira (14), em visita ao munic\u00edpio de Feira de Santana, o governador Rui Costa inaugurou o Col\u00e9gio Estadual F\u00eanix, localizado no bairro de Viveiros. Com seis salas de aula, quadra poliesportiva coberta, laborat\u00f3rios de ci\u00eancias e inform\u00e1tica, sala multim\u00eddia, cozinha, refeit\u00f3rio, biblioteca, al\u00e9m de salas de administra\u00e7\u00e3o e \u00e1rea externa, a unidade [&hellip;]<\/p>\n","protected":false},"author":2,"featured_media":0,"comment_status":"open","ping_status":"open","sticky":false,"template":"","format":"standard","meta":{"_links_to":"","_links_to_target":""},"categories":[1],"tags":[23680,358,615],"_links":{"self":[{"href":"https:\/\/www.blogdothame.blog.br\/v1\/wp-json\/wp\/v2\/posts\/86834"}],"collection":[{"href":"https:\/\/www.blogdothame.blog.br\/v1\/wp-json\/wp\/v2\/posts"}],"about":[{"href":"https:\/\/www.blogdothame.blog.br\/v1\/wp-json\/wp\/v2\/types\/post"}],"author":[{"embeddable":true,"href":"https:\/\/www.blogdothame.blog.br\/v1\/wp-json\/wp\/v2\/users\/2"}],"replies":[{"embeddable":true,"href":"https:\/\/www.blogdothame.blog.br\/v1\/wp-json\/wp\/v2\/comments?post=86834"}],"version-history":[{"count":1,"href":"https:\/\/www.blogdothame.blog.br\/v1\/wp-json\/wp\/v2\/posts\/86834\/revisions"}],"predecessor-version":[{"id":86839,"href":"https:\/\/www.blogdothame.blog.br\/v1\/wp-json\/wp\/v2\/posts\/86834\/revisions\/86839"}],"wp:attachment":[{"href":"https:\/\/www.blogdothame.blog.br\/v1\/wp-json\/wp\/v2\/media?parent=86834"}],"wp:term":[{"taxonomy":"category","embeddable":true,"href":"https:\/\/www.blogdothame.blog.br\/v1\/wp-json\/wp\/v2\/categories?post=86834"},{"taxonomy":"post_tag","embeddable":true,"href":"https:\/\/www.blogdothame.blog.br\/v1\/wp-json\/wp\/v2\/tags?post=86834"}],"curies":[{"name":"wp","href":"https:\/\/api.w.org\/{rel}","templated":true}]}}