{"id":86809,"date":"2019-02-14T07:26:09","date_gmt":"2019-02-14T10:26:09","guid":{"rendered":"http:\/\/www.blogdothame.blog.br\/v1\/?p=86809"},"modified":"2019-02-13T15:35:25","modified_gmt":"2019-02-13T18:35:25","slug":"rui-inaugura-colegio-em-feira-e-22-viaturas-para-municipios-baianos","status":"publish","type":"post","link":"https:\/\/www.blogdothame.blog.br\/v1\/2019\/02\/14\/rui-inaugura-colegio-em-feira-e-22-viaturas-para-municipios-baianos\/","title":{"rendered":"Rui inaugura col\u00e9gio em Feira e 22 viaturas para munic\u00edpios baianos"},"content":{"rendered":"<p>Nesta quinta-feira (14), \u00e0s 9h, em Feira de Santana, o governador Rui Costa inaugura a nova unidade do Col\u00e9gio Estadual F\u00eanix, localizado no bairro de Viveiros, para atender 720 estudantes. Durante a solenidade, Rui anuncia a licita\u00e7\u00e3o para recupera\u00e7\u00e3o da pavimenta\u00e7\u00e3o do acesso entre o bairro Viveiros e o Anel Rodovi\u00e1rio de Feira, no valor de R$ 383,24 mil. Tamb\u00e9m ser\u00e1 feita a entrega simb\u00f3lica de 22 viaturas para os munic\u00edpios de Abrantes, Camacan, Cura\u00e7\u00e1, Dias D&#8217;\u00c1vila, Ibotirama, Ipia\u00fa, Len\u00e7\u00f3is, Medeiros Netos, Porto Seguro, Seabra e Valen\u00e7a. Foram investidos R$ 536,54 mil para a aquisi\u00e7\u00e3o dos ve\u00edculos.<\/p>\n","protected":false},"excerpt":{"rendered":"<p>Nesta quinta-feira (14), \u00e0s 9h, em Feira de Santana, o governador Rui Costa inaugura a nova unidade do Col\u00e9gio Estadual F\u00eanix, localizado no bairro de Viveiros, para atender 720 estudantes. Durante a solenidade, Rui anuncia a licita\u00e7\u00e3o para recupera\u00e7\u00e3o da pavimenta\u00e7\u00e3o do acesso entre o bairro Viveiros e o Anel Rodovi\u00e1rio de Feira, no valor [&hellip;]<\/p>\n","protected":false},"author":2,"featured_media":0,"comment_status":"open","ping_status":"open","sticky":false,"template":"","format":"standard","meta":{"_links_to":"","_links_to_target":""},"categories":[1],"tags":[60,358,615,777],"_links":{"self":[{"href":"https:\/\/www.blogdothame.blog.br\/v1\/wp-json\/wp\/v2\/posts\/86809"}],"collection":[{"href":"https:\/\/www.blogdothame.blog.br\/v1\/wp-json\/wp\/v2\/posts"}],"about":[{"href":"https:\/\/www.blogdothame.blog.br\/v1\/wp-json\/wp\/v2\/types\/post"}],"author":[{"embeddable":true,"href":"https:\/\/www.blogdothame.blog.br\/v1\/wp-json\/wp\/v2\/users\/2"}],"replies":[{"embeddable":true,"href":"https:\/\/www.blogdothame.blog.br\/v1\/wp-json\/wp\/v2\/comments?post=86809"}],"version-history":[{"count":1,"href":"https:\/\/www.blogdothame.blog.br\/v1\/wp-json\/wp\/v2\/posts\/86809\/revisions"}],"predecessor-version":[{"id":86810,"href":"https:\/\/www.blogdothame.blog.br\/v1\/wp-json\/wp\/v2\/posts\/86809\/revisions\/86810"}],"wp:attachment":[{"href":"https:\/\/www.blogdothame.blog.br\/v1\/wp-json\/wp\/v2\/media?parent=86809"}],"wp:term":[{"taxonomy":"category","embeddable":true,"href":"https:\/\/www.blogdothame.blog.br\/v1\/wp-json\/wp\/v2\/categories?post=86809"},{"taxonomy":"post_tag","embeddable":true,"href":"https:\/\/www.blogdothame.blog.br\/v1\/wp-json\/wp\/v2\/tags?post=86809"}],"curies":[{"name":"wp","href":"https:\/\/api.w.org\/{rel}","templated":true}]}}