{"id":86530,"date":"2019-02-08T07:27:00","date_gmt":"2019-02-08T10:27:00","guid":{"rendered":"http:\/\/www.blogdothame.blog.br\/v1\/?p=86530"},"modified":"2019-02-07T15:31:16","modified_gmt":"2019-02-07T18:31:16","slug":"sebrae-promove-encontros-gratuitos-com-especialistas-em-itabuna-e-ilheus","status":"publish","type":"post","link":"https:\/\/www.blogdothame.blog.br\/v1\/2019\/02\/08\/sebrae-promove-encontros-gratuitos-com-especialistas-em-itabuna-e-ilheus\/","title":{"rendered":"Sebrae promove encontros gratuitos com especialistas em Itabuna e Ilh\u00e9us"},"content":{"rendered":"<p><img loading=\"lazy\" class=\"alignleft  wp-image-86532\" src=\"http:\/\/www.blogdothame.blog.br\/v1\/wp-content\/uploads\/2019\/02\/Microempreendedora-J\u00e9ssica-Leite-FOTOS-MAUR\u00cdCIO-MARON-300x254.jpg\" alt=\"Microempreendedora J\u00e9ssica Leite FOTOS MAUR\u00cdCIO MARON\" width=\"271\" height=\"230\" srcset=\"https:\/\/www.blogdothame.blog.br\/v1\/wp-content\/uploads\/2019\/02\/Microempreendedora-J\u00e9ssica-Leite-FOTOS-MAUR\u00cdCIO-MARON-300x254.jpg 300w, https:\/\/www.blogdothame.blog.br\/v1\/wp-content\/uploads\/2019\/02\/Microempreendedora-J\u00e9ssica-Leite-FOTOS-MAUR\u00cdCIO-MARON.jpg 900w\" sizes=\"(max-width: 271px) 100vw, 271px\" \/>Com o objetivo de atender empres\u00e1rios e colaboradores com solu\u00e7\u00f5es direcionadas para 18 \u00e1reas diferentes dos setores da ind\u00fastria, do com\u00e9rcio e de servi\u00e7os, o Sebrae promove uma s\u00e9rie de palestras gratuitas com especialistas nas \u00e1reas de moda, panifica\u00e7\u00e3o, beleza e est\u00e9tica, e alimenta\u00e7\u00e3o fora do lar. A primeira atividade acontece na pr\u00f3xima segunda-feira, 11, \u00e0s 18h30, no Tarik Fontes, em Itabuna, com a palestra \u201cModa Sustent\u00e1vel: oportunidade para inovar e competir no mundo fashion\u201d.<\/p>\n<p>O encontro \u00e9 destinado aos profissionais que atuam no setor de varejo de moda e \u00e1reas afins, e contar\u00e1 com a palestrante Fernanda Simon, respons\u00e1vel por trazer o movimento Global Fashion Revolution para o Brasil. A especialista no segmento vai apresentar um panorama da moda sustent\u00e1vel, al\u00e9m de um conte\u00fado espec\u00edfico sobre moda circular, inova\u00e7\u00e3o de mat\u00e9ria-prima e processo, designer e ativismo, economia e ecologia.<\/p>\n<p><!--more--><\/p>\n<p>A empreendedora no seguimento de acess\u00f3rios femininos de Itabuna, J\u00e9ssica Leite \u00e9 uma participante ass\u00eddua das atividades do Sebrae e j\u00e1 realizou a sua inscri\u00e7\u00e3o para o evento de moda. Segundo ela, ser\u00e1 uma \u00f3tima oportunidade de atualizar os conhecimentos sobre a sustentabilidade na sua \u00e1rea de atua\u00e7\u00e3o. \u201cIrei aprender um pouco mais desse movimento, fazer com que minha empresa se torne um pouco mais sustent\u00e1vel, que contribua para o mundo e para as pessoas\u201d, declarou.<\/p>\n<p>J\u00e1 os profissionais que atuam nos setores de panifica\u00e7\u00e3o, confeitaria, f\u00e1brica de p\u00e3es congelados, salgados e biscoitos, ter\u00e3o a oportunidade de participar da palestra sobre \u201cGrandes Tend\u00eancias para as Ind\u00fastrias de Alimentos\u201d, com o consultor e palestrante do Instituto Tecnol\u00f3gico de Alimenta\u00e7\u00e3o, Panifica\u00e7\u00e3o e Confeitaria, Marcelino Rodrigues. O encontro acontece no dia 14\/02, \u00e0s 18h30, tamb\u00e9m no hotel Tarik Fontes, e vai abordar as tend\u00eancias, inova\u00e7\u00f5es e o cen\u00e1rio da alimenta\u00e7\u00e3o no Brasil e no Mundo.<\/p>\n<p>Para o p\u00fablico de Beleza e Est\u00e9tica, est\u00e1 reservada a palestra \u201cInova\u00e7\u00e3o e Marketing Omnichannel: as tend\u00eancias para o segmento de beleza\u201d, com a gerente de marketing da ADCOS Cosm\u00e9ticos, Miriam Machado. O evento tamb\u00e9m acontece no Tarik Fontes, no dia 25\/02. Ser\u00e3o abordados temas ligados a inova\u00e7\u00e3o tecnol\u00f3gica na presta\u00e7\u00e3o dos servi\u00e7os de beleza; m\u00eddias sociais como diferencial de inova\u00e7\u00e3o e lucratividade; desafios do Omnichannel em servi\u00e7os de beleza e est\u00e9tica e cases de implanta\u00e7\u00e3o em pequenos neg\u00f3cios.<\/p>\n<p>Ilh\u00e9us<\/p>\n<p>No dia 19, o encontro ser\u00e1 no audit\u00f3rio do Sebrae em Ilh\u00e9us, com o especialista em Alimenta\u00e7\u00e3o Fora do Lar, L\u00e9o Teixeira, que \u00e9 s\u00f3cio e membro da equipe de consultores da NaMesa e especialista em gastronomia. A palestra sobre \u201cOs novos modelos de restaurantes ganham espa\u00e7o \u2013 crise e sucesso\u201d vai abordar sobre as novidades no setor de Food Service para 2019, modelos de neg\u00f3cios e opera\u00e7\u00f5es em destaque, a experi\u00eancia do cliente, al\u00e9m de produtos e tend\u00eancias.<\/p>\n<p>Inscri\u00e7\u00f5es<\/p>\n<p>As inscri\u00e7\u00f5es gratuitas podem ser feitas no site do Sebrae Conecta\u00a0ou por meio dos telefones (73) 3613-9734 \/ 99981-1688 (Itabuna) e (73) 3634-4068 \/ 99973-8648 (Ilh\u00e9us). O ponto de atendimento do Sebrae em Itabuna est\u00e1 na Rua Paulino Vieira, 175, Edif\u00edcio Lizete Mendon\u00e7a, Centro. J\u00e1 a Unidade Regional do Sebrae Ilh\u00e9us fica localizada na avenida Osvaldo Cruz, n\u00ba 74, Edif\u00edcio Premier Bussines Center.<\/p>\n","protected":false},"excerpt":{"rendered":"<p>Com o objetivo de atender empres\u00e1rios e colaboradores com solu\u00e7\u00f5es direcionadas para 18 \u00e1reas diferentes dos setores da ind\u00fastria, do com\u00e9rcio e de servi\u00e7os, o Sebrae promove uma s\u00e9rie de palestras gratuitas com especialistas nas \u00e1reas de moda, panifica\u00e7\u00e3o, beleza e est\u00e9tica, e alimenta\u00e7\u00e3o fora do lar. A primeira atividade acontece na pr\u00f3xima segunda-feira, 11, [&hellip;]<\/p>\n","protected":false},"author":2,"featured_media":0,"comment_status":"open","ping_status":"open","sticky":false,"template":"","format":"standard","meta":{"_links_to":"","_links_to_target":""},"categories":[1],"tags":[14398,218,39,1549],"_links":{"self":[{"href":"https:\/\/www.blogdothame.blog.br\/v1\/wp-json\/wp\/v2\/posts\/86530"}],"collection":[{"href":"https:\/\/www.blogdothame.blog.br\/v1\/wp-json\/wp\/v2\/posts"}],"about":[{"href":"https:\/\/www.blogdothame.blog.br\/v1\/wp-json\/wp\/v2\/types\/post"}],"author":[{"embeddable":true,"href":"https:\/\/www.blogdothame.blog.br\/v1\/wp-json\/wp\/v2\/users\/2"}],"replies":[{"embeddable":true,"href":"https:\/\/www.blogdothame.blog.br\/v1\/wp-json\/wp\/v2\/comments?post=86530"}],"version-history":[{"count":3,"href":"https:\/\/www.blogdothame.blog.br\/v1\/wp-json\/wp\/v2\/posts\/86530\/revisions"}],"predecessor-version":[{"id":86534,"href":"https:\/\/www.blogdothame.blog.br\/v1\/wp-json\/wp\/v2\/posts\/86530\/revisions\/86534"}],"wp:attachment":[{"href":"https:\/\/www.blogdothame.blog.br\/v1\/wp-json\/wp\/v2\/media?parent=86530"}],"wp:term":[{"taxonomy":"category","embeddable":true,"href":"https:\/\/www.blogdothame.blog.br\/v1\/wp-json\/wp\/v2\/categories?post=86530"},{"taxonomy":"post_tag","embeddable":true,"href":"https:\/\/www.blogdothame.blog.br\/v1\/wp-json\/wp\/v2\/tags?post=86530"}],"curies":[{"name":"wp","href":"https:\/\/api.w.org\/{rel}","templated":true}]}}