{"id":86348,"date":"2019-02-05T08:14:51","date_gmt":"2019-02-05T11:14:51","guid":{"rendered":"http:\/\/www.blogdothame.blog.br\/v1\/?p=86348"},"modified":"2019-02-05T08:14:51","modified_gmt":"2019-02-05T11:14:51","slug":"na-alba-governador-reafirma-educacao-como-prioridade-de-governo","status":"publish","type":"post","link":"https:\/\/www.blogdothame.blog.br\/v1\/2019\/02\/05\/na-alba-governador-reafirma-educacao-como-prioridade-de-governo\/","title":{"rendered":"Na Alba, governador reafirma educa\u00e7\u00e3o como prioridade de governo"},"content":{"rendered":"<p><img loading=\"lazy\" class=\"aligncenter  wp-image-86351\" src=\"http:\/\/www.blogdothame.blog.br\/v1\/wp-content\/uploads\/2019\/02\/alba-2.jpg\" alt=\"alba 2\" width=\"345\" height=\"230\" srcset=\"https:\/\/www.blogdothame.blog.br\/v1\/wp-content\/uploads\/2019\/02\/alba-2.jpg 512w, https:\/\/www.blogdothame.blog.br\/v1\/wp-content\/uploads\/2019\/02\/alba-2-300x200.jpg 300w\" sizes=\"(max-width: 345px) 100vw, 345px\" \/><\/p>\n<p>O governador Rui Costa participou, na tarde desta segunda-feira (4), da abertura dos trabalhos da Assembleia Legislativa da Bahia (Alba), em Salvador. Durante a sess\u00e3o solene, o chefe do executivo realizou a leitura da mensagem anual, em que tratou da import\u00e2ncia de manter a sintonia com a Casa, relembrou conquistas e listou os principais desafios para os pr\u00f3ximos quatro anos.<\/p>\n<p><img loading=\"lazy\" class=\"alignleft size-medium wp-image-86349\" src=\"http:\/\/www.blogdothame.blog.br\/v1\/wp-content\/uploads\/2019\/02\/alba-3-300x200.jpg\" alt=\"alba 3\" width=\"300\" height=\"200\" srcset=\"https:\/\/www.blogdothame.blog.br\/v1\/wp-content\/uploads\/2019\/02\/alba-3-300x200.jpg 300w, https:\/\/www.blogdothame.blog.br\/v1\/wp-content\/uploads\/2019\/02\/alba-3.jpg 512w\" sizes=\"(max-width: 300px) 100vw, 300px\" \/>Ap\u00f3s saudar os presentes, Rui afirmou que &#8220;a correria continua. O caminho \u00e9 olho no olho, verdade e seriedade. \u00c9 n\u00e3o olhar em qual munic\u00edpio estamos atuando e ter como maior preocupa\u00e7\u00e3o o que realmente importa: governar para cuidar de gente&#8221;.<\/p>\n<p>No discurso, o governador fez quest\u00e3o de ratificar a educa\u00e7\u00e3o como grande prioridade do quadri\u00eanio. \u201cNosso foco ser\u00e1 a aprendizagem e usaremos a nossa estrutura educacional para capacitar professores, diretores e coordenadores pedag\u00f3gicos, mobilizar a comunidade e envolver as fam\u00edlias para potencializar o ato de aprender\u201d, disse.<\/p>\n<p><img loading=\"lazy\" class=\"alignright size-medium wp-image-86350\" src=\"http:\/\/www.blogdothame.blog.br\/v1\/wp-content\/uploads\/2019\/02\/alba-1-300x200.jpg\" alt=\"alba 1\" width=\"300\" height=\"200\" srcset=\"https:\/\/www.blogdothame.blog.br\/v1\/wp-content\/uploads\/2019\/02\/alba-1-300x200.jpg 300w, https:\/\/www.blogdothame.blog.br\/v1\/wp-content\/uploads\/2019\/02\/alba-1.jpg 512w\" sizes=\"(max-width: 300px) 100vw, 300px\" \/>Rui destacou que &#8220;educa\u00e7\u00e3o n\u00e3o \u00e9 tarefa apenas dos gestores p\u00fablicos. \u00c9 algo que se constr\u00f3i pela sociedade e pelas fam\u00edlias. Portanto, faremos uma grande mobiliza\u00e7\u00e3o para colher, ao longo dos quatro anos, uma melhoria substancial nos indicadores educacionais na Bahia&#8221;.<\/p>\n<p>Ainda sobre educa\u00e7\u00e3o, ele ressaltou que \u201ca fim de continuar melhorando a infraestrutura escolar, ser\u00e3o constru\u00eddas 60 unidades escolares e entregues 600 quadras cobertas at\u00e9 2022&#8243; e que &#8220;uma estrutura f\u00edsica melhor possibilita que os estudantes tenham melhor desempenho&#8221;.<\/p>\n<p>Rela\u00e7\u00e3o com a Alba<\/p>\n<p>Na ocasi\u00e3o, o governador tamb\u00e9m parabenizou o deputado Nelson Leal, escolhido para presidir a Alba, e os demais deputados e deputadas estaduais eleitos e reeleitos. O governador fez uma sauda\u00e7\u00e3o especial \u00e0 bancada feminina, que \u201cse ampliou nessa legislatura, mostrando que a mulher vem ocupando os espa\u00e7os que lhe s\u00e3o devidos em todas as inst\u00e2ncias da vida social\u201d.<\/p>\n<p>Em resposta, no encerramento da sess\u00e3o, o presidente da Alba declarou que &#8220;o modelo de gest\u00e3o da Assembleia ser\u00e1 compartilhado entre todos os 63 deputados&#8221; e que &#8220;o governador pode contar com a Casa, para que juntos possamos nos debru\u00e7ar sobre os problemas vividos pelos baianos&#8221;.<\/p>\n<p>\u00caxitos<\/p>\n<p>O primeiro mandato, iniciado em meio \u00e0 uma grave crise econ\u00f4mica, pol\u00edtica e institucional, bem como a concretiza\u00e7\u00e3o de grandes obras e programas estruturantes \u2014 em setores como infraestrutura vi\u00e1ria, h\u00eddrica, log\u00edstica e de mobilidade, seguran\u00e7a, agricultura familiar e sa\u00fade \u2014 n\u00e3o foram esquecidos por Rui na mensagem anual. Parte estrat\u00e9gica da gest\u00e3o, os cons\u00f3rcios interfederativos tamb\u00e9m foram lembrados.<\/p>\n<p>Outro fato destacado pelo governador foi o esfor\u00e7o para manter o equil\u00edbrio fiscal das contas estaduais, assim como os novos ajustes na m\u00e1quina p\u00fablica, feitos no in\u00edcio do segundo mandato, para garantir que o Estado permane\u00e7a funcionando plenamente e com mais efici\u00eancia. &#8220;Essas a\u00e7\u00f5es permitiram e permitem que a Bahia continue, por exemplo, a pagar o sal\u00e1rio dos servidores rigorosamente em dia&#8221;.<\/p>\n<p>Rui comentou ainda que &#8220;mais importante que inaugurar, \u00e9 deixar um legado formado por a\u00e7\u00f5es que verdadeiramente mudam a vida das pessoas e modernizam o nosso estado&#8221;. Tamb\u00e9m participaram do evento o vice-governador Jo\u00e3o Le\u00e3o, todo o secretariado estadual e diversas autoridades.<\/p>\n","protected":false},"excerpt":{"rendered":"<p>O governador Rui Costa participou, na tarde desta segunda-feira (4), da abertura dos trabalhos da Assembleia Legislativa da Bahia (Alba), em Salvador. Durante a sess\u00e3o solene, o chefe do executivo realizou a leitura da mensagem anual, em que tratou da import\u00e2ncia de manter a sintonia com a Casa, relembrou conquistas e listou os principais desafios [&hellip;]<\/p>\n","protected":false},"author":2,"featured_media":0,"comment_status":"open","ping_status":"open","sticky":false,"template":"","format":"standard","meta":{"_links_to":"","_links_to_target":""},"categories":[1],"tags":[573,60,23583,615],"_links":{"self":[{"href":"https:\/\/www.blogdothame.blog.br\/v1\/wp-json\/wp\/v2\/posts\/86348"}],"collection":[{"href":"https:\/\/www.blogdothame.blog.br\/v1\/wp-json\/wp\/v2\/posts"}],"about":[{"href":"https:\/\/www.blogdothame.blog.br\/v1\/wp-json\/wp\/v2\/types\/post"}],"author":[{"embeddable":true,"href":"https:\/\/www.blogdothame.blog.br\/v1\/wp-json\/wp\/v2\/users\/2"}],"replies":[{"embeddable":true,"href":"https:\/\/www.blogdothame.blog.br\/v1\/wp-json\/wp\/v2\/comments?post=86348"}],"version-history":[{"count":1,"href":"https:\/\/www.blogdothame.blog.br\/v1\/wp-json\/wp\/v2\/posts\/86348\/revisions"}],"predecessor-version":[{"id":86352,"href":"https:\/\/www.blogdothame.blog.br\/v1\/wp-json\/wp\/v2\/posts\/86348\/revisions\/86352"}],"wp:attachment":[{"href":"https:\/\/www.blogdothame.blog.br\/v1\/wp-json\/wp\/v2\/media?parent=86348"}],"wp:term":[{"taxonomy":"category","embeddable":true,"href":"https:\/\/www.blogdothame.blog.br\/v1\/wp-json\/wp\/v2\/categories?post=86348"},{"taxonomy":"post_tag","embeddable":true,"href":"https:\/\/www.blogdothame.blog.br\/v1\/wp-json\/wp\/v2\/tags?post=86348"}],"curies":[{"name":"wp","href":"https:\/\/api.w.org\/{rel}","templated":true}]}}