{"id":86183,"date":"2019-02-01T06:49:22","date_gmt":"2019-02-01T09:49:22","guid":{"rendered":"http:\/\/www.blogdothame.blog.br\/v1\/?p=86183"},"modified":"2019-01-31T14:52:42","modified_gmt":"2019-01-31T17:52:42","slug":"feira-de-flores-de-holambra-comeca-nesta-sexta-em-itabuna","status":"publish","type":"post","link":"https:\/\/www.blogdothame.blog.br\/v1\/2019\/02\/01\/feira-de-flores-de-holambra-comeca-nesta-sexta-em-itabuna\/","title":{"rendered":"Feira de Flores de Holambra come\u00e7a nesta sexta em Itabuna"},"content":{"rendered":"<p><img loading=\"lazy\" class=\"aligncenter  wp-image-86186\" src=\"http:\/\/www.blogdothame.blog.br\/v1\/wp-content\/uploads\/2019\/02\/flores.jpg\" alt=\"flores\" width=\"383\" height=\"216\" srcset=\"https:\/\/www.blogdothame.blog.br\/v1\/wp-content\/uploads\/2019\/02\/flores.jpg 750w, https:\/\/www.blogdothame.blog.br\/v1\/wp-content\/uploads\/2019\/02\/flores-300x169.jpg 300w\" sizes=\"(max-width: 383px) 100vw, 383px\" \/><\/p>\n<p>Mais uma edi\u00e7\u00e3o da Feira de Flores de Holambra ser\u00e1 aberta oficialmente nesta sexta-feira (1\u00ba), \u00e0s 08 horas, na Pra\u00e7a Rio Cachoeira, em Itabuna, levando uma diversidade de esp\u00e9cies de plantas para o p\u00fablico, entre elas, orqu\u00eddeas, bonsais, cact\u00e1ceas, roseiras, entre outras. A solenidade oficial de abertura contar\u00e1 com a presen\u00e7a de autoridades locais e da imprensa, entre eles, o Secret\u00e1rio Municipal de Sustentabilidade Econ\u00f4mica e Meio Ambiente, Jorge Vasconcelos.<\/p>\n<p>Ser\u00e3o 10 dias que Itabuna contar\u00e1 com um belo jardim florido. De 1\u00ba a 10 de fevereiro,\u00a0das 08 \u00e0s 18 horas,\u00a0a Feira de Flores de Holambra receber\u00e1itabunenses, ilheenses e visitantes de diversas cidades da regi\u00e3o. O Secret\u00e1rio Jorge Vasconcelos ressalta que a Prefeitura Municipal de Itabuna deu todo apoio necess\u00e1rio para realiza\u00e7\u00e3o da feira e aproveita para destacar a movimenta\u00e7\u00e3o econ\u00f4mica que ela traz para o munic\u00edpio.<\/p>\n<p><!--more--><\/p>\n<p>\u201cDiversos setores tem um impacto positivo quando a cidade recebe uma feira dessa, tais como, com\u00e9rcio, hotelaria, restaurantes, entre outros. Al\u00e9m disso, a \u00e1rea social e beneficente tamb\u00e9m \u00e9 beneficiada. Nesta feira, por exemplo, parte da renda ser\u00e1 revertida para colaborar com as despesas do Abrigo de Idosos Dr. Baldu\u00edno Lopes de Azevedo\u201c, finaliza o Secret\u00e1rio Jorge Vasconcelos.<\/p>\n<p>&nbsp;<\/p>\n","protected":false},"excerpt":{"rendered":"<p>Mais uma edi\u00e7\u00e3o da Feira de Flores de Holambra ser\u00e1 aberta oficialmente nesta sexta-feira (1\u00ba), \u00e0s 08 horas, na Pra\u00e7a Rio Cachoeira, em Itabuna, levando uma diversidade de esp\u00e9cies de plantas para o p\u00fablico, entre elas, orqu\u00eddeas, bonsais, cact\u00e1ceas, roseiras, entre outras. A solenidade oficial de abertura contar\u00e1 com a presen\u00e7a de autoridades locais e [&hellip;]<\/p>\n","protected":false},"author":2,"featured_media":0,"comment_status":"open","ping_status":"open","sticky":false,"template":"","format":"standard","meta":{"_links_to":"","_links_to_target":""},"categories":[1],"tags":[23544,39],"_links":{"self":[{"href":"https:\/\/www.blogdothame.blog.br\/v1\/wp-json\/wp\/v2\/posts\/86183"}],"collection":[{"href":"https:\/\/www.blogdothame.blog.br\/v1\/wp-json\/wp\/v2\/posts"}],"about":[{"href":"https:\/\/www.blogdothame.blog.br\/v1\/wp-json\/wp\/v2\/types\/post"}],"author":[{"embeddable":true,"href":"https:\/\/www.blogdothame.blog.br\/v1\/wp-json\/wp\/v2\/users\/2"}],"replies":[{"embeddable":true,"href":"https:\/\/www.blogdothame.blog.br\/v1\/wp-json\/wp\/v2\/comments?post=86183"}],"version-history":[{"count":3,"href":"https:\/\/www.blogdothame.blog.br\/v1\/wp-json\/wp\/v2\/posts\/86183\/revisions"}],"predecessor-version":[{"id":86187,"href":"https:\/\/www.blogdothame.blog.br\/v1\/wp-json\/wp\/v2\/posts\/86183\/revisions\/86187"}],"wp:attachment":[{"href":"https:\/\/www.blogdothame.blog.br\/v1\/wp-json\/wp\/v2\/media?parent=86183"}],"wp:term":[{"taxonomy":"category","embeddable":true,"href":"https:\/\/www.blogdothame.blog.br\/v1\/wp-json\/wp\/v2\/categories?post=86183"},{"taxonomy":"post_tag","embeddable":true,"href":"https:\/\/www.blogdothame.blog.br\/v1\/wp-json\/wp\/v2\/tags?post=86183"}],"curies":[{"name":"wp","href":"https:\/\/api.w.org\/{rel}","templated":true}]}}