{"id":85967,"date":"2019-01-29T07:00:35","date_gmt":"2019-01-29T10:00:35","guid":{"rendered":"http:\/\/www.blogdothame.blog.br\/v1\/?p=85967"},"modified":"2019-01-28T15:00:49","modified_gmt":"2019-01-28T18:00:49","slug":"projeto-empreender-destina-cursos-profissionalizantes-aos-beneficiarios-do-bolsa-familia","status":"publish","type":"post","link":"https:\/\/www.blogdothame.blog.br\/v1\/2019\/01\/29\/projeto-empreender-destina-cursos-profissionalizantes-aos-beneficiarios-do-bolsa-familia\/","title":{"rendered":"Projeto Empreender destina cursos profissionalizantes aos benefici\u00e1rios do Bolsa Fam\u00edlia"},"content":{"rendered":"<p><img loading=\"lazy\" class=\"alignleft size-medium wp-image-85969\" src=\"http:\/\/www.blogdothame.blog.br\/v1\/wp-content\/uploads\/2019\/01\/empre-300x169.jpg\" alt=\"empre\" width=\"300\" height=\"169\" srcset=\"https:\/\/www.blogdothame.blog.br\/v1\/wp-content\/uploads\/2019\/01\/empre-300x169.jpg 300w, https:\/\/www.blogdothame.blog.br\/v1\/wp-content\/uploads\/2019\/01\/empre.jpg 1024w\" sizes=\"(max-width: 300px) 100vw, 300px\" \/>J\u00e1 est\u00e3o abertas as inscri\u00e7\u00f5es para a segunda etapa do Projeto Empreender. O projeto da Prefeitura de Itabuna, atrav\u00e9s do Departamento de Combate \u00e0 Pobreza da Secretaria Municipal de Assist\u00eancia Social (SAS)\u00a0destina cursos profissionalizantes \u00e0s pessoas inscritas no Cadastro \u00danico, principalmente os benefici\u00e1rios do Bolsa Fam\u00edlia e demais programas sociais executados pela SAS. Nesta etapa, as inscri\u00e7\u00f5es ser\u00e3o realizadas apenas pela internet, atrav\u00e9s do link:\u00a0https:\/\/www.even3.com.br\/ empreender_bolsa_familia_ itabuna, at\u00e9 o dia 10 de maio.\u00a0Os inscritos ter\u00e3o que entregar xerox (RG, CPF, NIS, Comprovantes de Resid\u00eancia e Escolaridade) no 1\u00ba dia do curso.<\/p>\n<p>Ap\u00f3s avaliar o sucesso dos cursos oferecidos em 2018, a secret\u00e1ria Sandra Neilma explicou que o projeto faz parte de um plano de a\u00e7\u00f5es do Governo Municipal\u00a0para gerar emprego e renda, promovendo a autonomia dos benefici\u00e1rios do Programa Bolsa Fam\u00edlia. Segundo Sandra Neilma, a proposta para este ano foi de proporcionar oportunidades no segmento culin\u00e1rio, onde homens, mulheres e jovens ter\u00e3o cursos que visam\u00a0\u00a0o desenvolvimento de compet\u00eancias relativas \u00e0 elabora\u00e7\u00e3o de produtos aliment\u00edcios e suas diversas modelagens, em conformidade com as boas pr\u00e1ticas de fabrica\u00e7\u00e3o e as normas de seguran\u00e7a.<\/p>\n<p><!--more--><\/p>\n<p>Um dos principais atrativos dos cursos ser\u00e1 a Unidade M\u00f3vel do SENAI, espa\u00e7o onde ser\u00e3o aplicadas as aulas. De acordo com a diretora do Departamento de Combate \u00e0 Pobreza, Carol Suzart, a carreta totalmente equipada ficar\u00e1 na pra\u00e7a Camac\u00e3, seguindo para outras localidades ap\u00f3s a finaliza\u00e7\u00e3o de cada ciclo de 3 meses. Com in\u00edcio previsto para o pr\u00f3ximo m\u00eas, o Projeto Empreender dever\u00e1 capacitar em torno de 250 pessoas neste primeiro momento e mais de 700 pessoas at\u00e9 o fim de 2019, deixando-as aptas para o mercado de trabalho ou para abrirem seus pr\u00f3prios neg\u00f3cios.<\/p>\n<p>De acordo com a SAS, foram disponibilizadas 20 vagas para cada turma dos cursos de: Confeitaria B\u00e1sica, Panifica\u00e7\u00e3o B\u00e1sica, P\u00e3es Especiais: massa doce, P\u00e3es Especiais: massa salgada, Auxiliar na fabrica\u00e7\u00e3o de pizzas, Produ\u00e7\u00e3o de Salgados e Folhados, Produ\u00e7\u00e3o de Sequilhos e Petit four. Assim como em 2018, as aulas ser\u00e3o ministradas pelo\u00a0Servi\u00e7o Nacional de Aprendizagem Industrial (SENAI), um dos cinco maiores complexos de educa\u00e7\u00e3o profissional do mundo e o maior da Am\u00e9rica Latina.<\/p>\n","protected":false},"excerpt":{"rendered":"<p>J\u00e1 est\u00e3o abertas as inscri\u00e7\u00f5es para a segunda etapa do Projeto Empreender. O projeto da Prefeitura de Itabuna, atrav\u00e9s do Departamento de Combate \u00e0 Pobreza da Secretaria Municipal de Assist\u00eancia Social (SAS)\u00a0destina cursos profissionalizantes \u00e0s pessoas inscritas no Cadastro \u00danico, principalmente os benefici\u00e1rios do Bolsa Fam\u00edlia e demais programas sociais executados pela SAS. Nesta etapa, [&hellip;]<\/p>\n","protected":false},"author":2,"featured_media":0,"comment_status":"open","ping_status":"open","sticky":false,"template":"","format":"standard","meta":{"_links_to":"","_links_to_target":""},"categories":[1],"tags":[23497,39,23498],"_links":{"self":[{"href":"https:\/\/www.blogdothame.blog.br\/v1\/wp-json\/wp\/v2\/posts\/85967"}],"collection":[{"href":"https:\/\/www.blogdothame.blog.br\/v1\/wp-json\/wp\/v2\/posts"}],"about":[{"href":"https:\/\/www.blogdothame.blog.br\/v1\/wp-json\/wp\/v2\/types\/post"}],"author":[{"embeddable":true,"href":"https:\/\/www.blogdothame.blog.br\/v1\/wp-json\/wp\/v2\/users\/2"}],"replies":[{"embeddable":true,"href":"https:\/\/www.blogdothame.blog.br\/v1\/wp-json\/wp\/v2\/comments?post=85967"}],"version-history":[{"count":2,"href":"https:\/\/www.blogdothame.blog.br\/v1\/wp-json\/wp\/v2\/posts\/85967\/revisions"}],"predecessor-version":[{"id":85970,"href":"https:\/\/www.blogdothame.blog.br\/v1\/wp-json\/wp\/v2\/posts\/85967\/revisions\/85970"}],"wp:attachment":[{"href":"https:\/\/www.blogdothame.blog.br\/v1\/wp-json\/wp\/v2\/media?parent=85967"}],"wp:term":[{"taxonomy":"category","embeddable":true,"href":"https:\/\/www.blogdothame.blog.br\/v1\/wp-json\/wp\/v2\/categories?post=85967"},{"taxonomy":"post_tag","embeddable":true,"href":"https:\/\/www.blogdothame.blog.br\/v1\/wp-json\/wp\/v2\/tags?post=85967"}],"curies":[{"name":"wp","href":"https:\/\/api.w.org\/{rel}","templated":true}]}}