{"id":85831,"date":"2019-01-24T15:30:03","date_gmt":"2019-01-24T18:30:03","guid":{"rendered":"http:\/\/www.blogdothame.blog.br\/v1\/?p=85831"},"modified":"2019-01-24T11:46:27","modified_gmt":"2019-01-24T14:46:27","slug":"feira-de-mudas-da-biofabrica-em-itabuna","status":"publish","type":"post","link":"https:\/\/www.blogdothame.blog.br\/v1\/2019\/01\/24\/feira-de-mudas-da-biofabrica-em-itabuna\/","title":{"rendered":"Feira de Mudas da Biof\u00e1brica em Itabuna"},"content":{"rendered":"<p><img loading=\"lazy\" class=\"alignright size-medium wp-image-85832\" src=\"http:\/\/www.blogdothame.blog.br\/v1\/wp-content\/uploads\/2019\/01\/Foto-Mariana-Ferreira-Ascom-Biof\u00e1brica-300x225.jpg\" alt=\"Foto Mariana Ferreira - Ascom Biof\u00e1brica\" width=\"300\" height=\"225\" srcset=\"https:\/\/www.blogdothame.blog.br\/v1\/wp-content\/uploads\/2019\/01\/Foto-Mariana-Ferreira-Ascom-Biof\u00e1brica-300x225.jpg 300w, https:\/\/www.blogdothame.blog.br\/v1\/wp-content\/uploads\/2019\/01\/Foto-Mariana-Ferreira-Ascom-Biof\u00e1brica-1024x768.jpg 1024w, https:\/\/www.blogdothame.blog.br\/v1\/wp-content\/uploads\/2019\/01\/Foto-Mariana-Ferreira-Ascom-Biof\u00e1brica.jpg 1280w\" sizes=\"(max-width: 300px) 100vw, 300px\" \/>A Biof\u00e1brica de Cacau realiza nesta sexta-feira (25) sua primeira Feira de Mudas. A oportunidade para adquirir mudas das mais diversas op\u00e7\u00f5es, como cacau clonal estaqueado e enxertado, goiaba, abacaxi, graviola, entre outras, e mud\u00f5es bem desenvolvidos de ess\u00eancias florestais, vai de 8h \u00e0s 13h de sexta, na Pra\u00e7a Rio Cacheira, Beira Rio, no centro de Itabuna.<\/p>\n<p>Ser\u00e3o quase 20 variedades, seminais e clonais, expostas em stand e com pre\u00e7os imperd\u00edveis, na melhor qualidade que a Biof\u00e1brica tem a oferecer: mudas produzidas com substrato de primeira qualidade, geneticamente melhoradas, mais nutritivas, altamente produtivas, resistentes a doen\u00e7as como vassoura-de-bruxa e ainda a garantia da melhor rela\u00e7\u00e3o custo-benef\u00edcio.<\/p>\n<p>A Feira de Mudas da Biof\u00e1brica tem o apoio do Governo da Bahia, por meio da Secretaria de Desenvolvimento Rural (SDR) e da Secretaria da Agricultura, Pecu\u00e1ria, Irriga\u00e7\u00e3o, Reforma Agr\u00e1ria, Pesca e Aq\u00fcicultura (SEAGRI).<\/p>\n<p>\u201cA Biof\u00e1brica, juntamente com a SDR e a Seagri, tem agora em sua programa\u00e7\u00e3o mais essa novidade: trazer para as cidades uma exposi\u00e7\u00e3o do que produzimos no campo. Vale a pena conferir a diversidade que temos com a qualidade que os agricultores, produtores precisam. Venham todos conferir a primeira edi\u00e7\u00e3o\u201d, destaca o diretor-presidente da Biof\u00e1brica, Lanns Almeida.<\/p>\n<p>&nbsp;<\/p>\n","protected":false},"excerpt":{"rendered":"<p>A Biof\u00e1brica de Cacau realiza nesta sexta-feira (25) sua primeira Feira de Mudas. A oportunidade para adquirir mudas das mais diversas op\u00e7\u00f5es, como cacau clonal estaqueado e enxertado, goiaba, abacaxi, graviola, entre outras, e mud\u00f5es bem desenvolvidos de ess\u00eancias florestais, vai de 8h \u00e0s 13h de sexta, na Pra\u00e7a Rio Cacheira, Beira Rio, no centro [&hellip;]<\/p>\n","protected":false},"author":2,"featured_media":0,"comment_status":"open","ping_status":"open","sticky":false,"template":"","format":"standard","meta":{"_links_to":"","_links_to_target":""},"categories":[1],"tags":[23471,39],"_links":{"self":[{"href":"https:\/\/www.blogdothame.blog.br\/v1\/wp-json\/wp\/v2\/posts\/85831"}],"collection":[{"href":"https:\/\/www.blogdothame.blog.br\/v1\/wp-json\/wp\/v2\/posts"}],"about":[{"href":"https:\/\/www.blogdothame.blog.br\/v1\/wp-json\/wp\/v2\/types\/post"}],"author":[{"embeddable":true,"href":"https:\/\/www.blogdothame.blog.br\/v1\/wp-json\/wp\/v2\/users\/2"}],"replies":[{"embeddable":true,"href":"https:\/\/www.blogdothame.blog.br\/v1\/wp-json\/wp\/v2\/comments?post=85831"}],"version-history":[{"count":1,"href":"https:\/\/www.blogdothame.blog.br\/v1\/wp-json\/wp\/v2\/posts\/85831\/revisions"}],"predecessor-version":[{"id":85833,"href":"https:\/\/www.blogdothame.blog.br\/v1\/wp-json\/wp\/v2\/posts\/85831\/revisions\/85833"}],"wp:attachment":[{"href":"https:\/\/www.blogdothame.blog.br\/v1\/wp-json\/wp\/v2\/media?parent=85831"}],"wp:term":[{"taxonomy":"category","embeddable":true,"href":"https:\/\/www.blogdothame.blog.br\/v1\/wp-json\/wp\/v2\/categories?post=85831"},{"taxonomy":"post_tag","embeddable":true,"href":"https:\/\/www.blogdothame.blog.br\/v1\/wp-json\/wp\/v2\/tags?post=85831"}],"curies":[{"name":"wp","href":"https:\/\/api.w.org\/{rel}","templated":true}]}}