{"id":85658,"date":"2019-01-21T08:14:15","date_gmt":"2019-01-21T11:14:15","guid":{"rendered":"http:\/\/www.blogdothame.blog.br\/v1\/?p=85658"},"modified":"2019-01-21T09:51:57","modified_gmt":"2019-01-21T12:51:57","slug":"oliberalizacao-do-porte-de-arma-uma-cortina-de-fumaca","status":"publish","type":"post","link":"https:\/\/www.blogdothame.blog.br\/v1\/2019\/01\/21\/oliberalizacao-do-porte-de-arma-uma-cortina-de-fumaca\/","title":{"rendered":"Liberaliza\u00e7\u00e3o do porte de arma: uma cortina de fuma\u00e7a"},"content":{"rendered":"<p style=\"text-align: right;\">\u00a0Roberto Jos\u00e9<\/p>\n<p><img loading=\"lazy\" class=\"alignright size-full wp-image-84464\" src=\"http:\/\/www.blogdothame.blog.br\/v1\/wp-content\/uploads\/2018\/12\/roberto-jos\u00e9.jpg\" alt=\"roberto jos\u00e9\" width=\"265\" height=\"189\" \/>O decreto da liberaliza\u00e7\u00e3o da posse de arma de fogo camufla o dilema da viol\u00eancia urbana no Brasil, uma vez que nos traz uma mensagem sublimar, mas numa declara\u00e7\u00e3o retumbante de que o governo est\u00e1 sendo absolutamente ineficaz nas a\u00e7\u00f5es de combate \u00e0 viol\u00eancia, da\u00ed passa para popula\u00e7\u00e3o \u2013 que pode comprar uma arma de fogo num pre\u00e7o m\u00e9dio de tr\u00eas mil reais (a mais barata), incluindo a documenta\u00e7\u00e3o \u2013 que fa\u00e7a ela mesma sua seguran\u00e7a, ou seja, um \u201csalvem-se quem puder!\u201d, ou \u201ccada um por s\u00ed, pois \u00e9 tempo de murici !\u201d.<\/p>\n<p>\u00c9 inequ\u00edvoco que a viol\u00eancia faz parte do cotidiano brasileiro, pois somos uma sociedade cruel e violenta e nos acostumamos com cenas de barb\u00e1rie e com pol\u00edticas p\u00fablicas ineficientes. Assim, vejamos que em 2016, pela primeira vez na hist\u00f3ria, o n\u00famero de homic\u00eddios no Brasil superou a casa dos 60 mil em um ano, segundo dados do Atlas da Viol\u00eancia de 2018, produzido pelo Instituto de Pesquisa Econ\u00f4mica Aplicada (Ipea) e o F\u00f3rum Brasileiro de Seguran\u00e7a P\u00fablica (FBSP), o n\u00famero de 62.517 assassinatos cometidos no pa\u00eds em 2016 coloca o Brasil em um patamar 30 vezes maior do que o da Europa. S\u00f3 na \u00faltima d\u00e9cada, 553 mil brasileiros perderam a vida por morte violenta. Ou seja, um total de 153 mortes por dia, o que equivale \u00e0 queda de um Boieng 737 lotado diariamente.<\/p>\n<p><img loading=\"lazy\" class=\"aligncenter  wp-image-85659\" src=\"http:\/\/www.blogdothame.blog.br\/v1\/wp-content\/uploads\/2019\/01\/arms-1.png\" alt=\"arms 1\" width=\"372\" height=\"219\" srcset=\"https:\/\/www.blogdothame.blog.br\/v1\/wp-content\/uploads\/2019\/01\/arms-1.png 512w, https:\/\/www.blogdothame.blog.br\/v1\/wp-content\/uploads\/2019\/01\/arms-1-300x176.png 300w\" sizes=\"(max-width: 372px) 100vw, 372px\" \/><\/p>\n<p>Fonte: F\u00f3rum Brasileiro de Seguran\u00e7a P\u00fablica<\/p>\n<p>Dessa forma, vejamos na figura cima a tend\u00eancia de alta nas taxas dos Crimes Letais Intencionais contra a Vida, o que na metodologia do F\u00f3rum Brasileiro de Seguran\u00e7a P\u00fablica (FBSP) e Instituto de Pesquisa Econ\u00f4mica Aplicada (IPEA), tem vi\u00e9s de alta, desde o ano 2006, chegando a vergonhosa taxa de 30,3 por cem mil habitantes, taxa bem acima dos pa\u00edses em guerra declarada, como a Siria e Iraque.<\/p>\n<p><!--more--><\/p>\n<p>Nesse sentido, vejamos que a rela\u00e7\u00e3o entre o n\u00famero de armas de fogo e as mortes violentas, segundo o relat\u00f3rio, \u00e9 clara. As cidades que mais tiveram aumentos nos homic\u00eddios totais tamb\u00e9m foram que sofreram com maior crescimento de \u00f3bitos causados por disparos, havendo um aumento claro de 27,4% de 2006 a 2016.<\/p>\n<p><img loading=\"lazy\" class=\"aligncenter  wp-image-85660\" src=\"http:\/\/www.blogdothame.blog.br\/v1\/wp-content\/uploads\/2019\/01\/arms-2.png\" alt=\"arms 2\" width=\"396\" height=\"262\" srcset=\"https:\/\/www.blogdothame.blog.br\/v1\/wp-content\/uploads\/2019\/01\/arms-2.png 907w, https:\/\/www.blogdothame.blog.br\/v1\/wp-content\/uploads\/2019\/01\/arms-2-300x199.png 300w\" sizes=\"(max-width: 396px) 100vw, 396px\" \/><\/p>\n<p>Assim, conclu\u00edmos que um dos grandes dilemas da quest\u00e3o da viol\u00eancia no Brasil, que n\u00e3o freia as mortes violentas, porque n\u00e3o investe em pol\u00edticas efetivas para seguran\u00e7a, s\u00f3 investe em policiamento de vitrine, aquele para mostrar que est\u00e1 na Pol\u00edcia Judici\u00e1ria, e os governantes s\u00f3 querem saber de farda, que gera a falsa sensa\u00e7\u00e3o de seguran\u00e7a. Como n\u00e3o investe em investiga\u00e7\u00e3o, cria-se a impunidade e isso gera mais homic\u00eddios, que sobrecarrega o trabalho valoroso das Pol\u00edcias Militares. Uma vez que a fragilidade da investiga\u00e7\u00e3o policial garante ao homicida chances elevadas de permanecer impune. Assassinatos, quando permanecem impunes, acabam, muitas vezes, provocando vingan\u00e7as e organizando conflitos entre grupos rivais, que respondem da mesma forma \u00e0 agress\u00e3o, gerando novos homic\u00eddios, num efeito multiplicador.<\/p>\n<p>O atual modelo de seguran\u00e7a p\u00fablica brasileiro est\u00e1 falido. \u00c9 preciso romper com o c\u00edrculo de viol\u00eancia e reformar da Seguran\u00e7a P\u00fablica no pa\u00eds, o que significa repensar os modelos de gest\u00f5es da Justi\u00e7a, Pol\u00edcias e Pres\u00eddios, al\u00e9m da preven\u00e7\u00e3o prim\u00e1ria a viol\u00eancia com escolas de efetiva qualidade, inclus\u00e3o na cultura, esporte e gera\u00e7\u00e3o de emprego e renda. Por fim, n\u00e3o podemos perder o foco da quest\u00e3o dos crimes letais intencionais no Brasil, sob a nuvem espessa de fuma\u00e7a da liberaliza\u00e7\u00e3o da posse e num futuro pr\u00f3ximo do porte tamb\u00e9m.<\/p>\n<p>* Roberto Jos\u00e9, \u00e9 Ge\u00f3grafo e Especialista em Planejamento de Cidades pela Universidade Estadual de Santa Cruz (UESC), Especialista em Engenharia de Tr\u00e1fego pela UNYLEYA \u2013 Bras\u00edlia, \u00e9 Mestre em Geografia pela Universidade Federal de Sergipe (UFS). Graduando em Direito pela FTC Itabuna. Policial Civil do Estado da Bahia e tutor da Rede de Ensino \u00e0 dist\u00e2ncia da Secretaria Nacional de Seguran\u00e7a P\u00fablica (SENASP). \u00c9 membro do F\u00f3rum Brasileiro de Seguran\u00e7a P\u00fablica \u2013 FBSP.<\/p>\n","protected":false},"excerpt":{"rendered":"<p>\u00a0Roberto Jos\u00e9 O decreto da liberaliza\u00e7\u00e3o da posse de arma de fogo camufla o dilema da viol\u00eancia urbana no Brasil, uma vez que nos traz uma mensagem sublimar, mas numa declara\u00e7\u00e3o retumbante de que o governo est\u00e1 sendo absolutamente ineficaz nas a\u00e7\u00f5es de combate \u00e0 viol\u00eancia, da\u00ed passa para popula\u00e7\u00e3o \u2013 que pode comprar uma [&hellip;]<\/p>\n","protected":false},"author":2,"featured_media":0,"comment_status":"open","ping_status":"open","sticky":false,"template":"","format":"standard","meta":{"_links_to":"","_links_to_target":""},"categories":[1],"tags":[13300,777,359],"_links":{"self":[{"href":"https:\/\/www.blogdothame.blog.br\/v1\/wp-json\/wp\/v2\/posts\/85658"}],"collection":[{"href":"https:\/\/www.blogdothame.blog.br\/v1\/wp-json\/wp\/v2\/posts"}],"about":[{"href":"https:\/\/www.blogdothame.blog.br\/v1\/wp-json\/wp\/v2\/types\/post"}],"author":[{"embeddable":true,"href":"https:\/\/www.blogdothame.blog.br\/v1\/wp-json\/wp\/v2\/users\/2"}],"replies":[{"embeddable":true,"href":"https:\/\/www.blogdothame.blog.br\/v1\/wp-json\/wp\/v2\/comments?post=85658"}],"version-history":[{"count":2,"href":"https:\/\/www.blogdothame.blog.br\/v1\/wp-json\/wp\/v2\/posts\/85658\/revisions"}],"predecessor-version":[{"id":85662,"href":"https:\/\/www.blogdothame.blog.br\/v1\/wp-json\/wp\/v2\/posts\/85658\/revisions\/85662"}],"wp:attachment":[{"href":"https:\/\/www.blogdothame.blog.br\/v1\/wp-json\/wp\/v2\/media?parent=85658"}],"wp:term":[{"taxonomy":"category","embeddable":true,"href":"https:\/\/www.blogdothame.blog.br\/v1\/wp-json\/wp\/v2\/categories?post=85658"},{"taxonomy":"post_tag","embeddable":true,"href":"https:\/\/www.blogdothame.blog.br\/v1\/wp-json\/wp\/v2\/tags?post=85658"}],"curies":[{"name":"wp","href":"https:\/\/api.w.org\/{rel}","templated":true}]}}