{"id":85568,"date":"2019-01-17T17:12:28","date_gmt":"2019-01-17T20:12:28","guid":{"rendered":"http:\/\/www.blogdothame.blog.br\/v1\/?p=85568"},"modified":"2019-01-17T15:16:31","modified_gmt":"2019-01-17T18:16:31","slug":"tvi-se-consolida-com-inovacao-criatividade-e-tecnologia","status":"publish","type":"post","link":"https:\/\/www.blogdothame.blog.br\/v1\/2019\/01\/17\/tvi-se-consolida-com-inovacao-criatividade-e-tecnologia\/","title":{"rendered":"TVI se consolida com inova\u00e7\u00e3o, criatividade e tecnologia"},"content":{"rendered":"<p><img loading=\"lazy\" class=\"alignright size-medium wp-image-85570\" src=\"http:\/\/www.blogdothame.blog.br\/v1\/wp-content\/uploads\/2019\/01\/NOVO-PROJETO-TVI-21-300x185.jpg\" alt=\"NOVO PROJETO TVI (2)\" width=\"300\" height=\"185\" srcset=\"https:\/\/www.blogdothame.blog.br\/v1\/wp-content\/uploads\/2019\/01\/NOVO-PROJETO-TVI-21-300x185.jpg 300w, https:\/\/www.blogdothame.blog.br\/v1\/wp-content\/uploads\/2019\/01\/NOVO-PROJETO-TVI-21.jpg 900w\" sizes=\"(max-width: 300px) 100vw, 300px\" \/>Al\u00e9m de anunciar a \u00a0nova grade de programa\u00e7\u00e3o da TVI, o diretor da emissora Jos\u00e9 Am\u00e2ncio Barbosa Filho revelou para um p\u00fablico de empres\u00e1rios, publicit\u00e1rios, comunicadores e apresentadores de programas durante caf\u00e9 da manh\u00e3 no Tarik Fontes Plaza Hotel, as prioridades para 2019. Informou ainda, que a \u00a0TVI vai atuar em startups como incubadora de produtoras, investindo em inova\u00e7\u00e3o e novas tecnologias, bem como fortalecendo a sua equipe de jornalismo para o notici\u00e1rio local e regional com informa\u00e7\u00f5es de hora em hora, al\u00e9m de atuar no fortalecimento do site da\u00a0tviplay.com.br\u00a0e na difus\u00e3o da programa\u00e7\u00e3o atrav\u00e9s das redes sociais.<\/p>\n<p>Ao considerar sua equipe como o maior capital da empresa que dirige, Barbosa Filho tamb\u00e9m apresentou a proposta da A\u00e7\u00e3o Programadora de Canais, com um canal 24 horas no ar no ano em que a TVI completa 14 anos em opera\u00e7\u00e3o, caminhando para ser uma emissora interativa falando de Itabuna para o mundo.<\/p>\n<p>Ele destacou ainda, que o mercado de empacotamento e distribui\u00e7\u00e3o de programas em rede atende no pa\u00eds a um p\u00fablico de 16 milh\u00f5es de domic\u00edlios, mas j\u00e1 foi de 18 milh\u00f5es antes da crise econ\u00f4mica que afetou o Brasil. Itabuna com 200 mil habitantes tem 18 mil fam\u00edlias conectadas aos sistema da TVC.<\/p>\n<p><!--more--><\/p>\n<p>Ele observa\u00a0 que hoje, em Itabuna, 11,6 mil domic\u00edlios est\u00e3o conectados ao sistema de TV por assinatura direta,\u00a0 18,8 mil ao sistema de TV \u00e0 cabo e mais 6,5 mil terminais atendidos pelo sistema de fibra \u00f3tica:\u00a0\u00a0 \u201cA partir destes n\u00fameros fica impl\u00edcito que mais de 56 mil pessoas t\u00eam acesso \u00e0 TV a cabo, no eixo Ilh\u00e9us e Itabuna. Segundo uma pesquisa recente, 11,5% deste total\u00a0 tem acesso a informa\u00e7\u00f5es atrav\u00e9s do notici\u00e1rio da TVI\u201d complementou Barbosa Filho.<\/p>\n<p>Parcerias<\/p>\n<p>O empres\u00e1rio ressalta que a estrat\u00e9gia da TVI envolve uma s\u00e9rie de parcerias com empresas e institui\u00e7\u00f5es. Os investimentos s\u00e3o direcionados numa nova programa\u00e7\u00e3o com valoriza\u00e7\u00e3o de produ\u00e7\u00f5es locais como a miniss\u00e9rie O Sindico, produzida pela cineasta Betsi de Paula, com elenco de artistas da regi\u00e3o, al\u00e9m do uso da internet e das redes sociais. A proposta envolve ainda a capacita\u00e7\u00e3o de produtoras regionais para acesso aos recursos do fundo setorial de cinema, o que vai permitir transformar a TVI num canal qualificado.<\/p>\n<p>Hoje, a emissora opera com um est\u00fadio de 100 metros quadrados, um dos maiores da Bahia, ocupando um edif\u00edcio com tr\u00eas andares, funcionando com equipamentos de full HD, e com suporte\u00a0 de uma camionete com link via sat\u00e9lite para transmiss\u00f5es externas.<\/p>\n<p>Barbosa Filho destacou ainda que a emissora vem atuando como um celeiro na revela\u00e7\u00e3o de novos valores e chega a 2019, com uma grade de mais de 20 programas entre os quais Bai\u00e3o de Dois, Al\u00f4 Cidade, #oassunto\u00e9&#8230;, TVIDoc, Esportes 3.0,\u00a0 Luz, C\u00e2mera &amp; Arte, Quintal Gastron\u00f4mico, Tudo a ver, Dicas e Tend\u00eancias, Universitando, Em Casa, A Bronca (experimental),\u00a0 Caf\u00e9, Poesia e Cinema, Por a\u00ed e Cinema em A\u00e7\u00e3o.<\/p>\n<p>Ainda para 2019, est\u00e3o em gesta\u00e7\u00e3o 15 minis\u00e9ries de fic\u00e7\u00e3o, um reality show Desafio de Casais, com Ludmilla Garcia e um reality show de m\u00fasica programado para o segundo semestre, um projeto ainda em formata\u00e7\u00e3o, al\u00e9m do desenvolvimento de \u00a0projetos em parceria com produtoras da regi\u00e3o.<\/p>\n<p>Como diretora da produtora Floresta Filmes, a cineasta Betsi de Paula, falou sobre duas s\u00e9ries que vem dirigindo, uma delas O Sindico, com o piloto j\u00e1 conclu\u00eddo. Ela desatacou a import\u00e2ncia da parceria com a TVI e sua cren\u00e7a no mercado audiovisual e no mercado da internet, o que pode tornar Itabuna um polo regional de produ\u00e7\u00e3o,<\/p>\n<p>O presidente da regional sul do Sindicato Nacional das\u00a0 Ag\u00eancias de Propaganda \u00a0&#8211; Cap\u00edtulo Bahia, Rui Carvalho, elogiou o projeto da TVI mostrando que tamb\u00e9m existem coisas boas na internet e que fogem \u00e0 mesmice, com criatividade e inova\u00e7\u00e3o. Ele destacou que Itabuna tem um diferencial pr\u00f3prio e concentra o melhor polo de comunica\u00e7\u00e3o do interior da Bahia.<\/p>\n<p>Kenji Yamakoshi apresentou um painel do projeto que coordena na TVI como uma incubadora de produtoras de conte\u00fado na regi\u00e3o e que se complementa com a proposta de fortalecimento do site e do jornalismo da emissora coordenado pelo jornalista Kleber Torres.<\/p>\n<p>O jornalista Paulo Lima, assessor de imprensa da Prefeitura de Itabuna fez um hist\u00f3rico da TVI que se consolida como a realiza\u00e7\u00e3o de um sonho, com uma programa\u00e7\u00e3o regional e que \u201ccom as cores e o calor deste ch\u00e3o que \u00e9 nosso e falando das coisas da nossa terra.\u201d O encontro inclui a exibi\u00e7\u00e3o de um filme com produ\u00e7\u00f5es e destaques da programa\u00e7\u00e3o da TVI.<\/p>\n","protected":false},"excerpt":{"rendered":"<p>Al\u00e9m de anunciar a \u00a0nova grade de programa\u00e7\u00e3o da TVI, o diretor da emissora Jos\u00e9 Am\u00e2ncio Barbosa Filho revelou para um p\u00fablico de empres\u00e1rios, publicit\u00e1rios, comunicadores e apresentadores de programas durante caf\u00e9 da manh\u00e3 no Tarik Fontes Plaza Hotel, as prioridades para 2019. Informou ainda, que a \u00a0TVI vai atuar em startups como incubadora de [&hellip;]<\/p>\n","protected":false},"author":2,"featured_media":0,"comment_status":"open","ping_status":"open","sticky":false,"template":"","format":"standard","meta":{"_links_to":"","_links_to_target":""},"categories":[1],"tags":[22232,39,23415,17777],"_links":{"self":[{"href":"https:\/\/www.blogdothame.blog.br\/v1\/wp-json\/wp\/v2\/posts\/85568"}],"collection":[{"href":"https:\/\/www.blogdothame.blog.br\/v1\/wp-json\/wp\/v2\/posts"}],"about":[{"href":"https:\/\/www.blogdothame.blog.br\/v1\/wp-json\/wp\/v2\/types\/post"}],"author":[{"embeddable":true,"href":"https:\/\/www.blogdothame.blog.br\/v1\/wp-json\/wp\/v2\/users\/2"}],"replies":[{"embeddable":true,"href":"https:\/\/www.blogdothame.blog.br\/v1\/wp-json\/wp\/v2\/comments?post=85568"}],"version-history":[{"count":1,"href":"https:\/\/www.blogdothame.blog.br\/v1\/wp-json\/wp\/v2\/posts\/85568\/revisions"}],"predecessor-version":[{"id":85571,"href":"https:\/\/www.blogdothame.blog.br\/v1\/wp-json\/wp\/v2\/posts\/85568\/revisions\/85571"}],"wp:attachment":[{"href":"https:\/\/www.blogdothame.blog.br\/v1\/wp-json\/wp\/v2\/media?parent=85568"}],"wp:term":[{"taxonomy":"category","embeddable":true,"href":"https:\/\/www.blogdothame.blog.br\/v1\/wp-json\/wp\/v2\/categories?post=85568"},{"taxonomy":"post_tag","embeddable":true,"href":"https:\/\/www.blogdothame.blog.br\/v1\/wp-json\/wp\/v2\/tags?post=85568"}],"curies":[{"name":"wp","href":"https:\/\/api.w.org\/{rel}","templated":true}]}}