{"id":85363,"date":"2019-01-11T14:44:35","date_gmt":"2019-01-11T17:44:35","guid":{"rendered":"http:\/\/www.blogdothame.blog.br\/v1\/?p=85363"},"modified":"2019-01-11T14:44:35","modified_gmt":"2019-01-11T17:44:35","slug":"governo-autoriza-construcao-do-hospital-geral-cleriston-andrade-2-em-feira-de-santana","status":"publish","type":"post","link":"https:\/\/www.blogdothame.blog.br\/v1\/2019\/01\/11\/governo-autoriza-construcao-do-hospital-geral-cleriston-andrade-2-em-feira-de-santana\/","title":{"rendered":"Governo autoriza constru\u00e7\u00e3o do Hospital Geral Cl\u00e9riston Andrade 2 em Feira de Santana"},"content":{"rendered":"<p><img loading=\"lazy\" class=\"alignleft  wp-image-85365\" src=\"http:\/\/www.blogdothame.blog.br\/v1\/wp-content\/uploads\/2019\/01\/PHOTO-2019-01-11-11-56-07-1-1024x682.jpg\" alt=\"PHOTO-2019-01-11-11-56-07 (1)\" width=\"381\" height=\"254\" srcset=\"https:\/\/www.blogdothame.blog.br\/v1\/wp-content\/uploads\/2019\/01\/PHOTO-2019-01-11-11-56-07-1-1024x682.jpg 1024w, https:\/\/www.blogdothame.blog.br\/v1\/wp-content\/uploads\/2019\/01\/PHOTO-2019-01-11-11-56-07-1-300x200.jpg 300w, https:\/\/www.blogdothame.blog.br\/v1\/wp-content\/uploads\/2019\/01\/PHOTO-2019-01-11-11-56-07-1.jpg 1280w\" sizes=\"(max-width: 381px) 100vw, 381px\" \/>Em um prazo de 12 meses, os moradores de Feira de Santana, no centro norte baiano, v\u00e3o poder contar com um complexo hospitalar com capacidade para 400 leitos. Na manh\u00e3 desta sexta-feira (11), o governador Rui Costa autorizou o in\u00edcio das obras para a constru\u00e7\u00e3o de uma unidade anexa que ir\u00e1 se somar ao Hospital Geral Cl\u00e9riston Andrade (HGCA). Com investimento de R$ 50 milh\u00f5es, entre obras e equipamentos, o novo pr\u00e9dio ir\u00e1 oferecer setor de Bioimagem com resson\u00e2ncia magn\u00e9tica, dois tom\u00f3grafos, raio-X, ultrassom, Doppler e ecocardiograma. Durante o evento, o governador entregou ainda 21 ambul\u00e2ncias.<\/p>\n<p>\u201cImportante que logo no primeiro m\u00eas do novo mandato j\u00e1 estamos em Feira iniciando a obra, vamos voltar aqui em fevereiro ou mar\u00e7o pra assinar uma nova ordem de servi\u00e7o, que \u00e9 da reforma das instala\u00e7\u00f5es existentes pra entregar um novo Cl\u00e9riston Andrade, totalmente reformado, equipado com novos procedimentos, com um volume muito maior de procedimentos a serem realizados, procedimentos mais complexos e instala\u00e7\u00f5es mais adequadas para um perfeito funcionamento do hospital. Ele passa a ser o maior hospital no interior do estado, menor apenas que o Roberto Santos, em Salvador, portanto, atendendo com alta complexidade a todo o estado da Bahia e ao povo de Feira de Santana\u201d, afirmou o governador.<\/p>\n<p><img loading=\"lazy\" class=\"alignright size-medium wp-image-85364\" src=\"http:\/\/www.blogdothame.blog.br\/v1\/wp-content\/uploads\/2019\/01\/PHOTO-2019-01-11-11-56-07-300x200.jpg\" alt=\"PHOTO-2019-01-11-11-56-07\" width=\"300\" height=\"200\" srcset=\"https:\/\/www.blogdothame.blog.br\/v1\/wp-content\/uploads\/2019\/01\/PHOTO-2019-01-11-11-56-07-300x200.jpg 300w, https:\/\/www.blogdothame.blog.br\/v1\/wp-content\/uploads\/2019\/01\/PHOTO-2019-01-11-11-56-07-1024x682.jpg 1024w, https:\/\/www.blogdothame.blog.br\/v1\/wp-content\/uploads\/2019\/01\/PHOTO-2019-01-11-11-56-07.jpg 1280w\" sizes=\"(max-width: 300px) 100vw, 300px\" \/>O HGCA 2 ter\u00e1 mais de 5,7 mil metros quadrados de \u00e1rea constru\u00edda, distribu\u00eddos em tr\u00eas pavimentos e contar\u00e1 com 40 leitos de terapia intensiva (UTI), centro cir\u00fargico com 11 salas, al\u00e9m de um Centro de Hemorragia Digestiva.<br \/>\nNo novo hospital haver\u00e1 um sistema digital de integra\u00e7\u00e3o, fazendo com que a unidade funcione sem a necessidade de utiliza\u00e7\u00e3o de papel em prontu\u00e1rios, fichas e cadastros. As interven\u00e7\u00f5es ainda contemplam mais de 17 mil metros quadrados de urbaniza\u00e7\u00e3o, paisagismo e pra\u00e7a de alimenta\u00e7\u00e3o.<\/p>\n<p>Presente no evento, o secret\u00e1rio estadual da Sa\u00fade, F\u00e1bio Vilas-Boas, afirmou que o Cl\u00e9riston 2 ser\u00e1 um hospital sustent\u00e1vel. \u201cA unidade contar\u00e1 com coleta de \u00e1gua da chuva, aquecimento solar para garantir \u00e1gua aquecida nos banheiros, e estamos trabalhando para viabilizar a utiliza\u00e7\u00e3o de g\u00e1s natural em toda a infraestrutura de ar-condicionado, em substitui\u00e7\u00e3o \u00e0 energia el\u00e9trica\u201d, revelou.<\/p>\n<p><!--more--><\/p>\n<p>Cooperativas<\/p>\n<p>Na ocasi\u00e3o, Rui tamb\u00e9m autorizou a Ag\u00eancia de Fomento do Estado da Bahia (Desenbahia), em parceria com a Secretaria de Desenvolvimento Rural (SDR), a celebrar conv\u00eanios com 53 cooperativas, no \u00e2mbito do Programa Bahia Produtiva, no edital Alian\u00e7as Produtivas. Ao todo, ser\u00e3o beneficiadas 5.989 fam\u00edlias, com um investimento de mais de R$ 76 milh\u00f5es. Os conv\u00eanios v\u00e3o contemplar mais de 150 associa\u00e7\u00f5es, em 117 munic\u00edpios.<\/p>\n<p>Foram firmados ainda outros tr\u00eas conv\u00eanios do Bahia Produtiva, na \u00e1rea de Qualifica\u00e7\u00e3o Agroind\u00fastrias e projetos socioambientais quilombolas. O investimento \u00e9 de mais de R$ 960 mil.<\/p>\n<p>Educa\u00e7\u00e3o<\/p>\n<p>O governador tamb\u00e9m autorizou a Secretaria da Educa\u00e7\u00e3o a iniciar obras de reforma do Col\u00e9gio da Pol\u00edcia Militar Diva Portela; e a Secretaria de Trabalho, Emprego, Renda e Esporte (Setre), atrav\u00e9s da Superintend\u00eancia dos Desportos do Estado da Bahia (Sudesb), a iniciar obras de constru\u00e7\u00e3o da quadra poliesportiva do Col\u00e9gio Estadual Jo\u00e3o Durval. As obras autorizadas somam mais de R$ 900 mil.<\/p>\n","protected":false},"excerpt":{"rendered":"<p>Em um prazo de 12 meses, os moradores de Feira de Santana, no centro norte baiano, v\u00e3o poder contar com um complexo hospitalar com capacidade para 400 leitos. Na manh\u00e3 desta sexta-feira (11), o governador Rui Costa autorizou o in\u00edcio das obras para a constru\u00e7\u00e3o de uma unidade anexa que ir\u00e1 se somar ao Hospital [&hellip;]<\/p>\n","protected":false},"author":2,"featured_media":0,"comment_status":"open","ping_status":"open","sticky":false,"template":"","format":"standard","meta":{"_links_to":"","_links_to_target":""},"categories":[1],"tags":[358,16,23381,615],"_links":{"self":[{"href":"https:\/\/www.blogdothame.blog.br\/v1\/wp-json\/wp\/v2\/posts\/85363"}],"collection":[{"href":"https:\/\/www.blogdothame.blog.br\/v1\/wp-json\/wp\/v2\/posts"}],"about":[{"href":"https:\/\/www.blogdothame.blog.br\/v1\/wp-json\/wp\/v2\/types\/post"}],"author":[{"embeddable":true,"href":"https:\/\/www.blogdothame.blog.br\/v1\/wp-json\/wp\/v2\/users\/2"}],"replies":[{"embeddable":true,"href":"https:\/\/www.blogdothame.blog.br\/v1\/wp-json\/wp\/v2\/comments?post=85363"}],"version-history":[{"count":1,"href":"https:\/\/www.blogdothame.blog.br\/v1\/wp-json\/wp\/v2\/posts\/85363\/revisions"}],"predecessor-version":[{"id":85366,"href":"https:\/\/www.blogdothame.blog.br\/v1\/wp-json\/wp\/v2\/posts\/85363\/revisions\/85366"}],"wp:attachment":[{"href":"https:\/\/www.blogdothame.blog.br\/v1\/wp-json\/wp\/v2\/media?parent=85363"}],"wp:term":[{"taxonomy":"category","embeddable":true,"href":"https:\/\/www.blogdothame.blog.br\/v1\/wp-json\/wp\/v2\/categories?post=85363"},{"taxonomy":"post_tag","embeddable":true,"href":"https:\/\/www.blogdothame.blog.br\/v1\/wp-json\/wp\/v2\/tags?post=85363"}],"curies":[{"name":"wp","href":"https:\/\/api.w.org\/{rel}","templated":true}]}}