{"id":85120,"date":"2019-01-03T19:30:42","date_gmt":"2019-01-03T22:30:42","guid":{"rendered":"http:\/\/www.blogdothame.blog.br\/v1\/?p=85120"},"modified":"2019-01-03T17:52:30","modified_gmt":"2019-01-03T20:52:30","slug":"virada-de-ano-em-ilheus-tem-festa-praias-lotadas-e-rede-hoteleira-com-quase-100-de-ocupacao","status":"publish","type":"post","link":"https:\/\/www.blogdothame.blog.br\/v1\/2019\/01\/03\/virada-de-ano-em-ilheus-tem-festa-praias-lotadas-e-rede-hoteleira-com-quase-100-de-ocupacao\/","title":{"rendered":"Virada de ano em Ilh\u00e9us tem festa, praias lotadas e  rede hoteleira com quase 100% de ocupa\u00e7\u00e3o"},"content":{"rendered":"<p><img loading=\"lazy\" class=\"aligncenter  wp-image-85122\" src=\"http:\/\/www.blogdothame.blog.br\/v1\/wp-content\/uploads\/2019\/01\/Reveillon-Ilh\u00e9us-e-Movimento-de-Praias.-Foto-Rodrigo-Macedo-4-1024x621.jpg\" alt=\"Reveillon Ilh\u00e9us e Movimento de Praias. Foto - Rodrigo Macedo-4\" width=\"378\" height=\"229\" srcset=\"https:\/\/www.blogdothame.blog.br\/v1\/wp-content\/uploads\/2019\/01\/Reveillon-Ilh\u00e9us-e-Movimento-de-Praias.-Foto-Rodrigo-Macedo-4-1024x621.jpg 1024w, https:\/\/www.blogdothame.blog.br\/v1\/wp-content\/uploads\/2019\/01\/Reveillon-Ilh\u00e9us-e-Movimento-de-Praias.-Foto-Rodrigo-Macedo-4-300x182.jpg 300w, https:\/\/www.blogdothame.blog.br\/v1\/wp-content\/uploads\/2019\/01\/Reveillon-Ilh\u00e9us-e-Movimento-de-Praias.-Foto-Rodrigo-Macedo-4.jpg 1080w\" sizes=\"(max-width: 378px) 100vw, 378px\" \/><\/p>\n<p>Ilh\u00e9us teve um dos mais movimentados r\u00e9veillons e inicio de ver\u00e3o \u00a0dos \u00faltimos anos. A festa popular foi realizada com o patroc\u00ednio do Governo da Bahia, atrav\u00e9s da Bahiatursa, em parceria com a Prefeitura de Ilh\u00e9us. De norte a sul, o litoral da cidade foi \u00a0ocupado por nativos e turistas que escolheram a cidade para viver a passagem de ano. \u00a0No centro hist\u00f3rico, que preserva as marcas da cultura secular, aconteceu a festa de Reveillon, no palco montado na Avenida Soares Lopes, ao lado da majestosa Catedral de S\u00e3o Sebasti\u00e3o, onde milhares de pessoas festejaram a chegada de 2019.<\/p>\n<p><img loading=\"lazy\" class=\"alignright size-medium wp-image-85121\" src=\"http:\/\/www.blogdothame.blog.br\/v1\/wp-content\/uploads\/2019\/01\/Reveillon-Ilh\u00e9us-e-Movimento-de-Praias.-Foto-Rodrigo-Macedo-20-300x192.jpg\" alt=\"Reveillon Ilh\u00e9us e Movimento de Praias. Foto - Rodrigo Macedo-20\" width=\"300\" height=\"192\" srcset=\"https:\/\/www.blogdothame.blog.br\/v1\/wp-content\/uploads\/2019\/01\/Reveillon-Ilh\u00e9us-e-Movimento-de-Praias.-Foto-Rodrigo-Macedo-20-300x192.jpg 300w, https:\/\/www.blogdothame.blog.br\/v1\/wp-content\/uploads\/2019\/01\/Reveillon-Ilh\u00e9us-e-Movimento-de-Praias.-Foto-Rodrigo-Macedo-20-1024x654.jpg 1024w, https:\/\/www.blogdothame.blog.br\/v1\/wp-content\/uploads\/2019\/01\/Reveillon-Ilh\u00e9us-e-Movimento-de-Praias.-Foto-Rodrigo-Macedo-20.jpg 1080w\" sizes=\"(max-width: 300px) 100vw, 300px\" \/>O p\u00fablico cantou e dan\u00e7ou ao som da banda Top Gan, da dupla Rafa &amp; Pipo Marques e da banda Dois Amores. O comando da virada ficou por\u00a0 conta da dupla de Salvador, Rafa &amp; Pipo Marques, formada pelos filhos do cantor Bel Marques, que embalou \u00a0a esperan\u00e7a da multid\u00e3o que lotou a avenida.<\/p>\n<p>A estrutura contou com um efetivo de cerca de 85 homens da 68\u00aa Companhia Independente da Pol\u00edcia Militar, que contribuiu e assegurou o clima de tranquilidade da festa, al\u00e9m do refor\u00e7o da Guarda Civil Municipal (GCM) e de agentes da Superintend\u00eancia de Transporte, Tr\u00e2nsito e Mobilidade do munic\u00edpio (Sutram). O policiamento foi garantido ap\u00f3s o t\u00e9rmino do evento, por volta das 4 horas da madrugada. A Secretaria Municipal de Sa\u00fade (Sesau) disponibilizou duas unidades m\u00f3veis de emerg\u00eancia, mas nenhuma ocorr\u00eancia grave foi registrada.<\/p>\n<p><!--more--><\/p>\n<p>Praias e hot\u00e9is lotados<\/p>\n<p><img loading=\"lazy\" class=\"alignleft size-medium wp-image-85040\" src=\"http:\/\/www.blogdothame.blog.br\/v1\/wp-content\/uploads\/2019\/01\/Movimento-nas-Prais-de-Ilh\u00e9us-dia-1-de-jan-2019-foto-Rodrigo-Macedo-4-300x200.jpeg\" alt=\"Movimento nas Prais de Ilh\u00e9us dia 1 de jan 2019 - foto Rodrigo Macedo (4)\" width=\"300\" height=\"200\" srcset=\"https:\/\/www.blogdothame.blog.br\/v1\/wp-content\/uploads\/2019\/01\/Movimento-nas-Prais-de-Ilh\u00e9us-dia-1-de-jan-2019-foto-Rodrigo-Macedo-4-300x200.jpeg 300w, https:\/\/www.blogdothame.blog.br\/v1\/wp-content\/uploads\/2019\/01\/Movimento-nas-Prais-de-Ilh\u00e9us-dia-1-de-jan-2019-foto-Rodrigo-Macedo-4-1024x682.jpeg 1024w, https:\/\/www.blogdothame.blog.br\/v1\/wp-content\/uploads\/2019\/01\/Movimento-nas-Prais-de-Ilh\u00e9us-dia-1-de-jan-2019-foto-Rodrigo-Macedo-4.jpeg 1280w\" sizes=\"(max-width: 300px) 100vw, 300px\" \/>A temporada de ver\u00e3o nessa primeira semana do Ano Novo registra grande movimento nas principais praias da cidade e quase 100 por cento de ocupa\u00e7\u00e3o na rede hoteleira. A expectativa \u00e9 de que o fluxo tur\u00edstico seja superior que no ano passado, considerando tamb\u00e9m os visitantes que chegam a Ilh\u00e9us atrav\u00e9s dos cruzeiros mar\u00edtimos.<\/p>\n<p>As praias do Sul e do Norte, e a do Cristo, no centro da cidade \u2013 onde est\u00e1 sendo constru\u00edda a primeira ponte estaiada da Bahia \u2013 obra do governo estadual, s\u00e3o as mais procuradas pelos banhistas. Vale lembrar que Ilh\u00e9us possui o mais extenso litoral da Bahia, com cerca de 90 quil\u00f4metros de beleza exuberante e convite \u00e0 descontra\u00e7\u00e3o, descanso e alegria.<\/p>\n<p>No centro hist\u00f3rico, os visitantes podem apreciar monumentos arquitet\u00f4nicos como o Pal\u00e1cio Paranagu\u00e1, Teatro Municipal, Bar Ves\u00favio, Casa de Cultura Jorge Amado, Espa\u00e7o Bataclan, Igreja Matriz de S\u00e3o Jorge, Catedral de S\u00e3o Sebasti\u00e3o, entre outros atrativos tur\u00edsticos.<\/p>\n","protected":false},"excerpt":{"rendered":"<p>Ilh\u00e9us teve um dos mais movimentados r\u00e9veillons e inicio de ver\u00e3o \u00a0dos \u00faltimos anos. A festa popular foi realizada com o patroc\u00ednio do Governo da Bahia, atrav\u00e9s da Bahiatursa, em parceria com a Prefeitura de Ilh\u00e9us. De norte a sul, o litoral da cidade foi \u00a0ocupado por nativos e turistas que escolheram a cidade para [&hellip;]<\/p>\n","protected":false},"author":2,"featured_media":0,"comment_status":"open","ping_status":"open","sticky":false,"template":"","format":"standard","meta":{"_links_to":"","_links_to_target":""},"categories":[1],"tags":[16,218,8087,8775,5558,149],"_links":{"self":[{"href":"https:\/\/www.blogdothame.blog.br\/v1\/wp-json\/wp\/v2\/posts\/85120"}],"collection":[{"href":"https:\/\/www.blogdothame.blog.br\/v1\/wp-json\/wp\/v2\/posts"}],"about":[{"href":"https:\/\/www.blogdothame.blog.br\/v1\/wp-json\/wp\/v2\/types\/post"}],"author":[{"embeddable":true,"href":"https:\/\/www.blogdothame.blog.br\/v1\/wp-json\/wp\/v2\/users\/2"}],"replies":[{"embeddable":true,"href":"https:\/\/www.blogdothame.blog.br\/v1\/wp-json\/wp\/v2\/comments?post=85120"}],"version-history":[{"count":1,"href":"https:\/\/www.blogdothame.blog.br\/v1\/wp-json\/wp\/v2\/posts\/85120\/revisions"}],"predecessor-version":[{"id":85123,"href":"https:\/\/www.blogdothame.blog.br\/v1\/wp-json\/wp\/v2\/posts\/85120\/revisions\/85123"}],"wp:attachment":[{"href":"https:\/\/www.blogdothame.blog.br\/v1\/wp-json\/wp\/v2\/media?parent=85120"}],"wp:term":[{"taxonomy":"category","embeddable":true,"href":"https:\/\/www.blogdothame.blog.br\/v1\/wp-json\/wp\/v2\/categories?post=85120"},{"taxonomy":"post_tag","embeddable":true,"href":"https:\/\/www.blogdothame.blog.br\/v1\/wp-json\/wp\/v2\/tags?post=85120"}],"curies":[{"name":"wp","href":"https:\/\/api.w.org\/{rel}","templated":true}]}}