{"id":84850,"date":"2018-12-21T08:04:17","date_gmt":"2018-12-21T11:04:17","guid":{"rendered":"http:\/\/www.blogdothame.blog.br\/v1\/?p=84850"},"modified":"2018-12-20T18:14:56","modified_gmt":"2018-12-20T21:14:56","slug":"sebrae-divulga-datas-para-o-empretec-em-itabuna-e-ilheus","status":"publish","type":"post","link":"https:\/\/www.blogdothame.blog.br\/v1\/2018\/12\/21\/sebrae-divulga-datas-para-o-empretec-em-itabuna-e-ilheus\/","title":{"rendered":"Sebrae divulga datas para o Empretec em Itabuna e Ilh\u00e9us"},"content":{"rendered":"<p style=\"text-align: right;\">Por: Viviane Cabral<\/p>\n<p>&nbsp;<\/p>\n<p>Previsto para acontecer de 3 a 6 de junho, em Ilh\u00e9us, e de 22 a 27 de julho, em Itabuna, o Semin\u00e1rio Empretec j\u00e1 est\u00e1 com as pr\u00e9-inscri\u00e7\u00f5es abertas para quem quer identificar e desenvolver as dez caracter\u00edsticas de um empreendedor de sucesso. Desenvolvido pela Organiza\u00e7\u00e3o das Na\u00e7\u00f5es Unidas &#8211; ONU, o Empretec \u00e9 promovido em cerca de 30 pa\u00edses. No Brasil, \u00e9 realizado exclusivamente pelo Sebrae e j\u00e1 capacitou cerca de 200 mil pessoas.<\/p>\n<p><img loading=\"lazy\" class=\"alignright size-medium wp-image-84851\" src=\"http:\/\/www.blogdothame.blog.br\/v1\/wp-content\/uploads\/2018\/12\/Robson-Matos-liger-filho-Caio-Nunes-Valfredo-Silva-dos-Santos-e-Elinardo-Fran\u00e7a-s\u00e3o-da-\u00faltima-turma-do-Empretec-em-Itabuna-FOTO-DIVULGA\u00c7\u00c3O-300x225.jpeg\" alt=\"Robson Matos liger filho, Caio Nunes, Valfredo Silva dos Santos e Elinardo Fran\u00e7a s\u00e3o da \u00faltima turma do Empretec em Itabuna FOTO DIVULGA\u00c7\u00c3O\" width=\"300\" height=\"225\" srcset=\"https:\/\/www.blogdothame.blog.br\/v1\/wp-content\/uploads\/2018\/12\/Robson-Matos-liger-filho-Caio-Nunes-Valfredo-Silva-dos-Santos-e-Elinardo-Fran\u00e7a-s\u00e3o-da-\u00faltima-turma-do-Empretec-em-Itabuna-FOTO-DIVULGA\u00c7\u00c3O-300x225.jpeg 300w, https:\/\/www.blogdothame.blog.br\/v1\/wp-content\/uploads\/2018\/12\/Robson-Matos-liger-filho-Caio-Nunes-Valfredo-Silva-dos-Santos-e-Elinardo-Fran\u00e7a-s\u00e3o-da-\u00faltima-turma-do-Empretec-em-Itabuna-FOTO-DIVULGA\u00c7\u00c3O-1024x768.jpeg 1024w, https:\/\/www.blogdothame.blog.br\/v1\/wp-content\/uploads\/2018\/12\/Robson-Matos-liger-filho-Caio-Nunes-Valfredo-Silva-dos-Santos-e-Elinardo-Fran\u00e7a-s\u00e3o-da-\u00faltima-turma-do-Empretec-em-Itabuna-FOTO-DIVULGA\u00c7\u00c3O.jpeg 1280w\" sizes=\"(max-width: 300px) 100vw, 300px\" \/>Os empretecos Robson Matos, Caio Nunes, Valfredo Silva e Elinardo Fran\u00e7a s\u00e3o formandos da turma de 2018 de Itabuna e, a partir do semin\u00e1rio, desenvolveram a empresa de Eh Cana!. O neg\u00f3cio \u00e9 especializado na produ\u00e7\u00e3o e comercializa\u00e7\u00e3o da cacha\u00e7a artesanal com os sabores de coco, catuaba com amendoim, mousse de maracuj\u00e1 e cappuccino.<\/p>\n<p>O neg\u00f3cio deu t\u00e3o certo, que ap\u00f3s o semin\u00e1rio, a equipe continuou produzindo e vendendo os produtos, que j\u00e1 t\u00eam previs\u00e3o de lan\u00e7amento do novo layout em 2019. Para o dentista Caio Nunes, o que mais impactou na experi\u00eancia do Empretec foi a oportunidade de conhecer as suas dificuldades e os pontos que precisa melhorar para se tornar empreendedor de sucesso.<\/p>\n<p>\u201cNo quadro de a\u00e7\u00f5es que avalia a autoconfian\u00e7a, busca de iniciativa e oportunidades, eu tive uma \u00f3tima avalia\u00e7\u00e3o. Enquanto que as outras coisas, como planejamento e metas, eu obtive meio ponto ou nada. Ent\u00e3o, n\u00e3o adianta ser muito bom em uma coisa e n\u00e3o ser nem regular em outra. O Empretec me mostrou que o equil\u00edbrio \u00e9 uma grande chave para o sucesso\u201d, declarou Caio.<\/p>\n<p><!--more--><\/p>\n<p>M\u00e9todo<\/p>\n<p>Ao todo, s\u00e3o 60 horas de capacita\u00e7\u00e3o, em seis dias, no qual o participante \u00e9 desafiado em atividades pr\u00e1ticas. A metodologia \u00e9 vivencial e interativa, atrav\u00e9s de jogos, exerc\u00edcios e debates, \u00e9 poss\u00edvel conhecer o perfil empreendedor, desenvolver compet\u00eancias para a vida profissional e, consequentemente, para aumentar as chances de sucesso do neg\u00f3cio.<\/p>\n<p>Para participar, o candidato j\u00e1 pode fazer uma pr\u00e9-inscri\u00e7\u00e3o no site do Empretec Bahia. Depois de responder ao formul\u00e1rio da pr\u00e9-inscri\u00e7\u00e3o, o candidato segue para a entrevista individual, que acontece entre os dias 14 e 17 de maio, em Ilh\u00e9us, e de 9 a 12 de julho, em Itabuna. Se for aprovado, o participante poder\u00e1 fazer a inscri\u00e7\u00e3o para o Empretec 2019.<\/p>\n<p>Mais informa\u00e7\u00f5es, no site ou pelos telefones (73) 3613-9734 \/ (73) 99974-2262, em Itabuna ou (73) 3634-4068 \/ (73) 99974-2263, em Ilh\u00e9us.<\/p>\n","protected":false},"excerpt":{"rendered":"<p>Por: Viviane Cabral &nbsp; Previsto para acontecer de 3 a 6 de junho, em Ilh\u00e9us, e de 22 a 27 de julho, em Itabuna, o Semin\u00e1rio Empretec j\u00e1 est\u00e1 com as pr\u00e9-inscri\u00e7\u00f5es abertas para quem quer identificar e desenvolver as dez caracter\u00edsticas de um empreendedor de sucesso. Desenvolvido pela Organiza\u00e7\u00e3o das Na\u00e7\u00f5es Unidas &#8211; ONU, [&hellip;]<\/p>\n","protected":false},"author":2,"featured_media":0,"comment_status":"open","ping_status":"open","sticky":false,"template":"","format":"standard","meta":{"_links_to":"","_links_to_target":""},"categories":[1],"tags":[23274,218,39,1549],"_links":{"self":[{"href":"https:\/\/www.blogdothame.blog.br\/v1\/wp-json\/wp\/v2\/posts\/84850"}],"collection":[{"href":"https:\/\/www.blogdothame.blog.br\/v1\/wp-json\/wp\/v2\/posts"}],"about":[{"href":"https:\/\/www.blogdothame.blog.br\/v1\/wp-json\/wp\/v2\/types\/post"}],"author":[{"embeddable":true,"href":"https:\/\/www.blogdothame.blog.br\/v1\/wp-json\/wp\/v2\/users\/2"}],"replies":[{"embeddable":true,"href":"https:\/\/www.blogdothame.blog.br\/v1\/wp-json\/wp\/v2\/comments?post=84850"}],"version-history":[{"count":1,"href":"https:\/\/www.blogdothame.blog.br\/v1\/wp-json\/wp\/v2\/posts\/84850\/revisions"}],"predecessor-version":[{"id":84852,"href":"https:\/\/www.blogdothame.blog.br\/v1\/wp-json\/wp\/v2\/posts\/84850\/revisions\/84852"}],"wp:attachment":[{"href":"https:\/\/www.blogdothame.blog.br\/v1\/wp-json\/wp\/v2\/media?parent=84850"}],"wp:term":[{"taxonomy":"category","embeddable":true,"href":"https:\/\/www.blogdothame.blog.br\/v1\/wp-json\/wp\/v2\/categories?post=84850"},{"taxonomy":"post_tag","embeddable":true,"href":"https:\/\/www.blogdothame.blog.br\/v1\/wp-json\/wp\/v2\/tags?post=84850"}],"curies":[{"name":"wp","href":"https:\/\/api.w.org\/{rel}","templated":true}]}}