{"id":84353,"date":"2018-12-07T15:12:31","date_gmt":"2018-12-07T18:12:31","guid":{"rendered":"http:\/\/www.blogdothame.blog.br\/v1\/?p=84353"},"modified":"2018-12-07T15:12:31","modified_gmt":"2018-12-07T18:12:31","slug":"feira-criativa-sul-baiana-mostra-mais-de-30-marcas-autorais-em-itabuna","status":"publish","type":"post","link":"https:\/\/www.blogdothame.blog.br\/v1\/2018\/12\/07\/feira-criativa-sul-baiana-mostra-mais-de-30-marcas-autorais-em-itabuna\/","title":{"rendered":"Feira Criativa Sul Baiana mostra mais de 30 marcas autorais em Itabuna"},"content":{"rendered":"<p><img loading=\"lazy\" class=\"alignright size-full wp-image-84354\" src=\"http:\/\/www.blogdothame.blog.br\/v1\/wp-content\/uploads\/2018\/12\/f-c.jpg\" alt=\"f c\" width=\"150\" height=\"150\" \/>Neste s\u00e1bado,\u00a0 a Pra\u00e7a Rio Cachoeira, em Itabuna,\u00a0 recebe a Feira Criativa Sul Baiana, que funcionar\u00e1 das\u00a014h \u00e0s 21h.\u00a0A feira \u00e9 um movimento com foco em empreendedores com o objetivo de fomentar seus neg\u00f3cios criativos e propiciar aos moradores de Itabuna novas formas de viver a cidade, em todos os sentidos, compartilhando espa\u00e7o, contribuindo com a cultura colaborativa e gerando renda e bem estar.<\/p>\n<p>Mais de 30 marcas autorais\u00a0de criativos da regi\u00e3o estar\u00e3o expostas nas categorias de gastronomia, bebida, moda, design, papelaria, artesanato e decora\u00e7\u00e3o. \u00a0Al\u00e9m disso, a Feira Criativa Sul Baiana contar\u00e1 com uma programa\u00e7\u00e3o que atender\u00e1 a todos os p\u00fablicos, com\u00a0Conta\u00e7\u00e3o de Hist\u00f3ria\u00a0e\u00a0Apresenta\u00e7\u00e3o Circense\u00a0como tamb\u00e9m, apresenta\u00e7\u00e3o de cantores da regi\u00e3o, como\u00a0Bia Reis e Rafael Pin.<\/p>\n<p>A\u00a0Feira Criativa Sul Baiana\u00a0\u00e9 uma realiza\u00e7\u00e3o de\u00a0Aruanda Mov(@aruanda.mov),\u00a0Manu Alves\u00a0Design\u00a0(@manualves_design),\u00a0Brenda Matos\u00a0(@brendafmatos) e\u00a0Jennifer Bomfim\u00a0(@jennifer.bom.fim).<\/p>\n<p>Programa\u00e7\u00e3o:<\/p>\n<p><!--more--><\/p>\n<p>15h \u2013 Tuti e Zalum com M\u00fasica<\/p>\n<p>16h \u2013 Tuti e Zalum Conta\u00e7\u00e3o de Hist\u00f3ria<\/p>\n<p>16h30 \u2013 Rafael Pin<\/p>\n<p>18h \u2013 Bia Reis<\/p>\n<p>19h \u2013 DJ<\/p>\n<p>20H &#8211; Kbsativa<\/p>\n","protected":false},"excerpt":{"rendered":"<p>Neste s\u00e1bado,\u00a0 a Pra\u00e7a Rio Cachoeira, em Itabuna,\u00a0 recebe a Feira Criativa Sul Baiana, que funcionar\u00e1 das\u00a014h \u00e0s 21h.\u00a0A feira \u00e9 um movimento com foco em empreendedores com o objetivo de fomentar seus neg\u00f3cios criativos e propiciar aos moradores de Itabuna novas formas de viver a cidade, em todos os sentidos, compartilhando espa\u00e7o, contribuindo com [&hellip;]<\/p>\n","protected":false},"author":2,"featured_media":0,"comment_status":"open","ping_status":"open","sticky":false,"template":"","format":"standard","meta":{"_links_to":"","_links_to_target":""},"categories":[1],"tags":[23177,39],"_links":{"self":[{"href":"https:\/\/www.blogdothame.blog.br\/v1\/wp-json\/wp\/v2\/posts\/84353"}],"collection":[{"href":"https:\/\/www.blogdothame.blog.br\/v1\/wp-json\/wp\/v2\/posts"}],"about":[{"href":"https:\/\/www.blogdothame.blog.br\/v1\/wp-json\/wp\/v2\/types\/post"}],"author":[{"embeddable":true,"href":"https:\/\/www.blogdothame.blog.br\/v1\/wp-json\/wp\/v2\/users\/2"}],"replies":[{"embeddable":true,"href":"https:\/\/www.blogdothame.blog.br\/v1\/wp-json\/wp\/v2\/comments?post=84353"}],"version-history":[{"count":1,"href":"https:\/\/www.blogdothame.blog.br\/v1\/wp-json\/wp\/v2\/posts\/84353\/revisions"}],"predecessor-version":[{"id":84355,"href":"https:\/\/www.blogdothame.blog.br\/v1\/wp-json\/wp\/v2\/posts\/84353\/revisions\/84355"}],"wp:attachment":[{"href":"https:\/\/www.blogdothame.blog.br\/v1\/wp-json\/wp\/v2\/media?parent=84353"}],"wp:term":[{"taxonomy":"category","embeddable":true,"href":"https:\/\/www.blogdothame.blog.br\/v1\/wp-json\/wp\/v2\/categories?post=84353"},{"taxonomy":"post_tag","embeddable":true,"href":"https:\/\/www.blogdothame.blog.br\/v1\/wp-json\/wp\/v2\/tags?post=84353"}],"curies":[{"name":"wp","href":"https:\/\/api.w.org\/{rel}","templated":true}]}}