{"id":84211,"date":"2018-12-05T07:53:46","date_gmt":"2018-12-05T10:53:46","guid":{"rendered":"http:\/\/www.blogdothame.blog.br\/v1\/?p=84211"},"modified":"2018-12-05T07:55:50","modified_gmt":"2018-12-05T10:55:50","slug":"festa-de-santa-barbara-abre-ciclo-de-festejos-populares-da-bahia","status":"publish","type":"post","link":"https:\/\/www.blogdothame.blog.br\/v1\/2018\/12\/05\/festa-de-santa-barbara-abre-ciclo-de-festejos-populares-da-bahia\/","title":{"rendered":"Festa de Santa B\u00e1rbara abre ciclo de festejos populares da Bahia"},"content":{"rendered":"<p><img loading=\"lazy\" class=\"alignright  wp-image-84212\" src=\"http:\/\/www.blogdothame.blog.br\/v1\/wp-content\/uploads\/2018\/12\/barb-1.jpg\" alt=\"barb 1\" width=\"396\" height=\"264\" srcset=\"https:\/\/www.blogdothame.blog.br\/v1\/wp-content\/uploads\/2018\/12\/barb-1.jpg 732w, https:\/\/www.blogdothame.blog.br\/v1\/wp-content\/uploads\/2018\/12\/barb-1-300x200.jpg 300w\" sizes=\"(max-width: 396px) 100vw, 396px\" \/>O vermelho predominou entre o colorido dos casar\u00f5es do Largo do Pelourinho nesta ter\u00e7a-feira (4). Os devotos de Santa B\u00e1rbara, Ians\u00e3 ou Oy\u00e1 compartilharam com alegria e f\u00e9 o altar montado em frente \u00e0 Casa de Jorge Amado. Missa e afox\u00e9 se misturaram na cerim\u00f4nia, que marca tamb\u00e9m a abertura do ciclo de festas populares da Bahia. Em seguida, a imagem de Santa B\u00e1rbara foi levada em prociss\u00e3o at\u00e9 o Quartel do Corpo de Bombeiros, na Barroquinha, onde o carro-bomba &#8216;Vov\u00f3&#8217;, de 1912, deu um banho de \u00e1gua de cheiro nos fi\u00e9is, antes de ser servido o tradicional caruru.<\/p>\n<p>\u201cSanta B\u00e1rbara \u00e9 a padroeira do Corpo de Bombeiros. Isso vem do fato de que Santa B\u00e1rbara perdeu a vida salvando as pessoas. Essa nossa tradi\u00e7\u00e3o vem de muitos anos, com o tempo foi se perdendo e, com a autonomia do Corpo de Bombeiros, n\u00f3s a estamos resgatando com muita for\u00e7a desde 2015. Santa B\u00e1rbara est\u00e1 presente aqui conosco\u201d, destacou o comandante-geral do Corpo de Bombeiros da Bahia, coronel Francisco Telles.<\/p>\n<p>De acordo com o prior da Irmandade dos Homens Pretos, Adonai Ribeiro, a Festa de Santa B\u00e1rbara \u00e9 realizada &#8220;desde o s\u00e9culo 17 e j\u00e1 faz parte da tradi\u00e7\u00e3o da Bahia. A igreja era no Com\u00e9rcio e pegou fogo. Ent\u00e3o, a festa foi transferida para o mercado, na Baixa do Sapateiros. Quando o mercado come\u00e7ou a cair em decad\u00eancia, os propriet\u00e1rios, em 1985, doaram a imagem \u00e0 Igreja do Ros\u00e1rio. De l\u00e1 para c\u00e1, todos os anos, n\u00f3s celebramos a festa da nossa gloriosa Santa B\u00e1rbara\u201d.<\/p>\n<p><!--more--><\/p>\n<p><img loading=\"lazy\" class=\"alignleft size-medium wp-image-84214\" src=\"http:\/\/www.blogdothame.blog.br\/v1\/wp-content\/uploads\/2018\/12\/barb-2-300x200.jpg\" alt=\"barb 2\" width=\"300\" height=\"200\" srcset=\"https:\/\/www.blogdothame.blog.br\/v1\/wp-content\/uploads\/2018\/12\/barb-2-300x200.jpg 300w, https:\/\/www.blogdothame.blog.br\/v1\/wp-content\/uploads\/2018\/12\/barb-2.jpg 511w\" sizes=\"(max-width: 300px) 100vw, 300px\" \/>Para a secret\u00e1ria estadual de Promo\u00e7\u00e3o da Igualdade Racial, Fabya Reis, a Festa de Santa B\u00e1rbara representa &#8220;uma mensagem de paz e de esperan\u00e7a, de respeito e de toler\u00e2ncia religiosa. \u00c9 um dia que os baianos estabeleceram no seu calend\u00e1rio para fazer a sua celebra\u00e7\u00e3o. Muita gente de vermelho e branco em nome do direito pela livre express\u00e3o religiosa. Salve Santa B\u00e1rbara. Salve Ians\u00e3\u201d.<\/p>\n<p>Devotos<\/p>\n<p>Entre os devotos, hist\u00f3rias de vida como a de Djanira Lopes e a filha Jaqueline B\u00e1rbara, que completou 40 anos nesta ter\u00e7a (4). \u201cEu nasci no dia de Santa B\u00e1rbara. Ent\u00e3o, eu tenho que saudar minha rainha todos os anos\u201d, afirmou Jaqueline. Djanira revelou que a tradi\u00e7\u00e3o veio da m\u00e3e. \u201c\u00c9 um sentimento muito grande, de raiz, um sentimento puro. \u00c9 importante ir passando essa tradi\u00e7\u00e3o, entre quem \u00e9 devoto de verdade\u201d.<\/p>\n<p>A devota Maria Cristina Borges distribui o acar\u00e1, ou o bolinho do acaraj\u00e9, h\u00e1 mais de 15 anos nas festas de Santa B\u00e1rbara. \u201cO acar\u00e1 \u00e9 um dos alimentos de Oy\u00e1. N\u00f3s o distribu\u00edmos para trazer fartura para todos e, principalmente, como um gesto de gratid\u00e3o por tudo o que ela representa. Eu sou filha de Oy\u00e1. Ela \u00e9 o ar que eu respiro, a rainha da minha vida. Eparr\u00ea, Oy\u00e1\u201d, disse.<\/p>\n<p>A Festa de Santa B\u00e1rbara tem import\u00e2ncia tamb\u00e9m para o turismo religioso. O auditor Fl\u00e1vio Garrido \u00e9 de Santos (SP) e participou pela pela quarta vez da celebra\u00e7\u00e3o. Somente no grupo dele, s\u00e3o 12 pessoas vindas do interior paulista. \u201cN\u00f3s somos todos umbandistas da Tenda do Oriente, l\u00e1 de S\u00e3o Paulo, todos devotos de Santa B\u00e1rbara. A gente procura sempre formar esse grupo para que as pessoas conhe\u00e7am esta verdadeira demonstra\u00e7\u00e3o de f\u00e9, juntamente com Ians\u00e3, que \u00e9 nossa m\u00e3e. Por isso, procuramos trazer mais pessoas a cada ano, para conhecerem esse ax\u00e9\u201d.<\/p>\n","protected":false},"excerpt":{"rendered":"<p>O vermelho predominou entre o colorido dos casar\u00f5es do Largo do Pelourinho nesta ter\u00e7a-feira (4). Os devotos de Santa B\u00e1rbara, Ians\u00e3 ou Oy\u00e1 compartilharam com alegria e f\u00e9 o altar montado em frente \u00e0 Casa de Jorge Amado. Missa e afox\u00e9 se misturaram na cerim\u00f4nia, que marca tamb\u00e9m a abertura do ciclo de festas populares [&hellip;]<\/p>\n","protected":false},"author":2,"featured_media":0,"comment_status":"open","ping_status":"open","sticky":false,"template":"","format":"standard","meta":{"_links_to":"","_links_to_target":""},"categories":[1],"tags":[51,10827],"_links":{"self":[{"href":"https:\/\/www.blogdothame.blog.br\/v1\/wp-json\/wp\/v2\/posts\/84211"}],"collection":[{"href":"https:\/\/www.blogdothame.blog.br\/v1\/wp-json\/wp\/v2\/posts"}],"about":[{"href":"https:\/\/www.blogdothame.blog.br\/v1\/wp-json\/wp\/v2\/types\/post"}],"author":[{"embeddable":true,"href":"https:\/\/www.blogdothame.blog.br\/v1\/wp-json\/wp\/v2\/users\/2"}],"replies":[{"embeddable":true,"href":"https:\/\/www.blogdothame.blog.br\/v1\/wp-json\/wp\/v2\/comments?post=84211"}],"version-history":[{"count":3,"href":"https:\/\/www.blogdothame.blog.br\/v1\/wp-json\/wp\/v2\/posts\/84211\/revisions"}],"predecessor-version":[{"id":84216,"href":"https:\/\/www.blogdothame.blog.br\/v1\/wp-json\/wp\/v2\/posts\/84211\/revisions\/84216"}],"wp:attachment":[{"href":"https:\/\/www.blogdothame.blog.br\/v1\/wp-json\/wp\/v2\/media?parent=84211"}],"wp:term":[{"taxonomy":"category","embeddable":true,"href":"https:\/\/www.blogdothame.blog.br\/v1\/wp-json\/wp\/v2\/categories?post=84211"},{"taxonomy":"post_tag","embeddable":true,"href":"https:\/\/www.blogdothame.blog.br\/v1\/wp-json\/wp\/v2\/tags?post=84211"}],"curies":[{"name":"wp","href":"https:\/\/api.w.org\/{rel}","templated":true}]}}