{"id":84140,"date":"2018-12-03T10:31:31","date_gmt":"2018-12-03T13:31:31","guid":{"rendered":"http:\/\/www.blogdothame.blog.br\/v1\/?p=84140"},"modified":"2018-12-03T09:37:24","modified_gmt":"2018-12-03T12:37:24","slug":"iluminado-da-aguia-branca-em-itabuna-e-ilheus","status":"publish","type":"post","link":"https:\/\/www.blogdothame.blog.br\/v1\/2018\/12\/03\/iluminado-da-aguia-branca-em-itabuna-e-ilheus\/","title":{"rendered":"Iluminado da \u00c1guia Branca em Itabuna e Ilh\u00e9us"},"content":{"rendered":"<p><img loading=\"lazy\" class=\"alignleft  wp-image-84141\" src=\"http:\/\/www.blogdothame.blog.br\/v1\/wp-content\/uploads\/2018\/12\/buzu-ab-1024x682.jpg\" alt=\"buzu ab\" width=\"374\" height=\"249\" srcset=\"https:\/\/www.blogdothame.blog.br\/v1\/wp-content\/uploads\/2018\/12\/buzu-ab-1024x682.jpg 1024w, https:\/\/www.blogdothame.blog.br\/v1\/wp-content\/uploads\/2018\/12\/buzu-ab-300x200.jpg 300w, https:\/\/www.blogdothame.blog.br\/v1\/wp-content\/uploads\/2018\/12\/buzu-ab.jpg 1280w\" sizes=\"(max-width: 374px) 100vw, 374px\" \/>Levar alegria, bons sentimentos e por onde passar deixar o brilho do Natal. Essa \u00e9 a miss\u00e3o do Iluminado da \u00c1guia Branca, tr\u00eas \u00f4nibus da frota com ilumina\u00e7\u00e3o especial, que pelo s\u00e9timo ano consecutivo est\u00e1 percorrendo os oito Estados de atua\u00e7\u00e3o da empresa. Este ano o projeto bateu recorde de cidades que ser\u00e3o atendidas. Ao todo, os tr\u00eas \u00f4nibus ir\u00e3o percorrer 98 cidades em 24 dias de a\u00e7\u00e3o. O \u00f4nibus vai\u00a0 passar pelas ruas de Itabuna nesta segunda e em Ilh\u00e9us na ter\u00e7a-feira, a partir daa 18:30 horas.<\/p>\n<p>O papai Noel, que \u00e9 representado pelos pr\u00f3prios colaboradores da \u00c1guia Branca est\u00e3o realizando paradas para receber a crian\u00e7ada e levar alegria aos moradores das diferentes regi\u00f5es e entusiastas do Natal. E para deixar a festa ainda mais animada, ser\u00e3o distribu\u00eddos cerca de 20 mil pirulitos.<\/p>\n<p>Os \u00f4nibus possuem ilumina\u00e7\u00e3o de LED e foram equipados com um sistema de som exclusivo para a reprodu\u00e7\u00e3o de m\u00fasicas de Natal. O iluminado come\u00e7ou o seu percurso no dia 23 de novembro e continua at\u00e9 o dia 16 de dezembro. Ser\u00e3o percorridas diferentes trajetos nos estados do Esp\u00edrito Santo, Bahia, Rio de Janeiro, S\u00e3o Paulo, Minas Gerais, Alagoas, Sergipe e Pernambuco.<\/p>\n<p>&nbsp;<\/p>\n","protected":false},"excerpt":{"rendered":"<p>Levar alegria, bons sentimentos e por onde passar deixar o brilho do Natal. Essa \u00e9 a miss\u00e3o do Iluminado da \u00c1guia Branca, tr\u00eas \u00f4nibus da frota com ilumina\u00e7\u00e3o especial, que pelo s\u00e9timo ano consecutivo est\u00e1 percorrendo os oito Estados de atua\u00e7\u00e3o da empresa. Este ano o projeto bateu recorde de cidades que ser\u00e3o atendidas. Ao [&hellip;]<\/p>\n","protected":false},"author":2,"featured_media":0,"comment_status":"open","ping_status":"open","sticky":false,"template":"","format":"standard","meta":{"_links_to":"","_links_to_target":""},"categories":[1],"tags":[218,23136,39,1318],"_links":{"self":[{"href":"https:\/\/www.blogdothame.blog.br\/v1\/wp-json\/wp\/v2\/posts\/84140"}],"collection":[{"href":"https:\/\/www.blogdothame.blog.br\/v1\/wp-json\/wp\/v2\/posts"}],"about":[{"href":"https:\/\/www.blogdothame.blog.br\/v1\/wp-json\/wp\/v2\/types\/post"}],"author":[{"embeddable":true,"href":"https:\/\/www.blogdothame.blog.br\/v1\/wp-json\/wp\/v2\/users\/2"}],"replies":[{"embeddable":true,"href":"https:\/\/www.blogdothame.blog.br\/v1\/wp-json\/wp\/v2\/comments?post=84140"}],"version-history":[{"count":2,"href":"https:\/\/www.blogdothame.blog.br\/v1\/wp-json\/wp\/v2\/posts\/84140\/revisions"}],"predecessor-version":[{"id":84143,"href":"https:\/\/www.blogdothame.blog.br\/v1\/wp-json\/wp\/v2\/posts\/84140\/revisions\/84143"}],"wp:attachment":[{"href":"https:\/\/www.blogdothame.blog.br\/v1\/wp-json\/wp\/v2\/media?parent=84140"}],"wp:term":[{"taxonomy":"category","embeddable":true,"href":"https:\/\/www.blogdothame.blog.br\/v1\/wp-json\/wp\/v2\/categories?post=84140"},{"taxonomy":"post_tag","embeddable":true,"href":"https:\/\/www.blogdothame.blog.br\/v1\/wp-json\/wp\/v2\/tags?post=84140"}],"curies":[{"name":"wp","href":"https:\/\/api.w.org\/{rel}","templated":true}]}}