{"id":83903,"date":"2018-11-26T17:16:14","date_gmt":"2018-11-26T20:16:14","guid":{"rendered":"http:\/\/www.blogdothame.blog.br\/v1\/?p=83903"},"modified":"2018-11-26T17:16:14","modified_gmt":"2018-11-26T20:16:14","slug":"lancada-a-campanha-natal-solidario-em-itabuna","status":"publish","type":"post","link":"https:\/\/www.blogdothame.blog.br\/v1\/2018\/11\/26\/lancada-a-campanha-natal-solidario-em-itabuna\/","title":{"rendered":"Lan\u00e7ada a campanha Natal Solid\u00e1rio em Itabuna"},"content":{"rendered":"<p><img loading=\"lazy\" class=\"aligncenter  wp-image-83904\" src=\"http:\/\/www.blogdothame.blog.br\/v1\/wp-content\/uploads\/2018\/11\/natal-solid\u00e1rio-1024x600.jpg\" alt=\"natal solid\u00e1rio\" width=\"413\" height=\"242\" srcset=\"https:\/\/www.blogdothame.blog.br\/v1\/wp-content\/uploads\/2018\/11\/natal-solid\u00e1rio-1024x600.jpg 1024w, https:\/\/www.blogdothame.blog.br\/v1\/wp-content\/uploads\/2018\/11\/natal-solid\u00e1rio-300x176.jpg 300w, https:\/\/www.blogdothame.blog.br\/v1\/wp-content\/uploads\/2018\/11\/natal-solid\u00e1rio.jpg 1280w\" sizes=\"(max-width: 413px) 100vw, 413px\" \/><\/p>\n<p>Aconteceu hoje, \u00a0no programa Balan\u00e7o Geral, na Record\/TV Cabr\u00e1lia. o lan\u00e7amento da campanha Natal Solid\u00e1rio.<br \/>\nO projeto idealizado e coordenado pela ju\u00edza Dra Eloina Machado, chega \u00e0 d\u00e9cima quinta edi\u00e7\u00e3o, tem como meta arrecadar mais de 25 toneladas de alimentos, que ser\u00e3o distribu\u00eddos para fam\u00edlias carentes em diversos bairros de Itabuna.<\/p>\n<p>Os pontos de coleta de donativos ser\u00e3o no stand da CDL de Itabuna, na pra\u00e7a Adami, no Shopping Jequitib\u00e1, nas recep\u00e7\u00f5es dos hospitais Calixto Midlej e Manoel Novaes, no 15 Batalh\u00e3o da Pol\u00edcia Militar, como tamb\u00e9m nas bases m\u00f3veis e nos postos policiais espalhados na cidade e no Tiro de Guerra.<\/p>\n<p>Esse ano a campanha tem como parceiros TV Cabr\u00e1lia, \u00cdcone Propaganda, os clubes de servi\u00e7os Lions, Rotary e Mar\u00e7onarias, OAB Itabuna,\u00a0 CDL de Itabuna, Shopping Jequitib\u00e1, Rota Transportes, Santa Casa de Itabuna, Free Hand, 15 Batalh\u00e3o da Pol\u00edcia Militar,Tiro de Guerra entre outros.<\/p>\n<p>A arrecada\u00e7\u00e3o segue at\u00e9 o dia 16 de dezembro e a distribui\u00e7\u00e3o ser\u00e1 realizada no dia 20 de dezembro.<\/p>\n","protected":false},"excerpt":{"rendered":"<p>Aconteceu hoje, \u00a0no programa Balan\u00e7o Geral, na Record\/TV Cabr\u00e1lia. o lan\u00e7amento da campanha Natal Solid\u00e1rio. O projeto idealizado e coordenado pela ju\u00edza Dra Eloina Machado, chega \u00e0 d\u00e9cima quinta edi\u00e7\u00e3o, tem como meta arrecadar mais de 25 toneladas de alimentos, que ser\u00e3o distribu\u00eddos para fam\u00edlias carentes em diversos bairros de Itabuna. Os pontos de coleta [&hellip;]<\/p>\n","protected":false},"author":2,"featured_media":0,"comment_status":"open","ping_status":"open","sticky":false,"template":"","format":"standard","meta":{"_links_to":"","_links_to_target":""},"categories":[1],"tags":[39,17539],"_links":{"self":[{"href":"https:\/\/www.blogdothame.blog.br\/v1\/wp-json\/wp\/v2\/posts\/83903"}],"collection":[{"href":"https:\/\/www.blogdothame.blog.br\/v1\/wp-json\/wp\/v2\/posts"}],"about":[{"href":"https:\/\/www.blogdothame.blog.br\/v1\/wp-json\/wp\/v2\/types\/post"}],"author":[{"embeddable":true,"href":"https:\/\/www.blogdothame.blog.br\/v1\/wp-json\/wp\/v2\/users\/2"}],"replies":[{"embeddable":true,"href":"https:\/\/www.blogdothame.blog.br\/v1\/wp-json\/wp\/v2\/comments?post=83903"}],"version-history":[{"count":1,"href":"https:\/\/www.blogdothame.blog.br\/v1\/wp-json\/wp\/v2\/posts\/83903\/revisions"}],"predecessor-version":[{"id":83905,"href":"https:\/\/www.blogdothame.blog.br\/v1\/wp-json\/wp\/v2\/posts\/83903\/revisions\/83905"}],"wp:attachment":[{"href":"https:\/\/www.blogdothame.blog.br\/v1\/wp-json\/wp\/v2\/media?parent=83903"}],"wp:term":[{"taxonomy":"category","embeddable":true,"href":"https:\/\/www.blogdothame.blog.br\/v1\/wp-json\/wp\/v2\/categories?post=83903"},{"taxonomy":"post_tag","embeddable":true,"href":"https:\/\/www.blogdothame.blog.br\/v1\/wp-json\/wp\/v2\/tags?post=83903"}],"curies":[{"name":"wp","href":"https:\/\/api.w.org\/{rel}","templated":true}]}}