{"id":83883,"date":"2018-11-26T14:49:14","date_gmt":"2018-11-26T17:49:14","guid":{"rendered":"http:\/\/www.blogdothame.blog.br\/v1\/?p=83883"},"modified":"2018-11-26T14:49:14","modified_gmt":"2018-11-26T17:49:14","slug":"agricultura-familiar-baiana-ganha-centro-de-distribuicao-em-salvador","status":"publish","type":"post","link":"https:\/\/www.blogdothame.blog.br\/v1\/2018\/11\/26\/agricultura-familiar-baiana-ganha-centro-de-distribuicao-em-salvador\/","title":{"rendered":"Agricultura familiar baiana ganha centro de distribui\u00e7\u00e3o em Salvador"},"content":{"rendered":"<p><img loading=\"lazy\" class=\"aligncenter  wp-image-83885\" src=\"http:\/\/www.blogdothame.blog.br\/v1\/wp-content\/uploads\/2018\/11\/cagf-1-1024x682.jpg\" alt=\"cagf 1\" width=\"385\" height=\"256\" srcset=\"https:\/\/www.blogdothame.blog.br\/v1\/wp-content\/uploads\/2018\/11\/cagf-1-1024x682.jpg 1024w, https:\/\/www.blogdothame.blog.br\/v1\/wp-content\/uploads\/2018\/11\/cagf-1-300x200.jpg 300w, https:\/\/www.blogdothame.blog.br\/v1\/wp-content\/uploads\/2018\/11\/cagf-1.jpg 1280w\" sizes=\"(max-width: 385px) 100vw, 385px\" \/><\/p>\n<p>Foi inaugurado, neste domingo (25), o Centro de Distribui\u00e7\u00e3o da Agricultura Familiar, no bairro de Itapu\u00e3, na capital baiana. O ato, que contou com a presen\u00e7a do vice-governador da Bahia, Jo\u00e3o Le\u00e3o, integra a programa\u00e7\u00e3o da 9\u00aa Feira da Agricultura Familiar e Economia Solid\u00e1ria, o maior evento da agricultura familiar do Brasil, que acontece at\u00e9 o dia 02 de dezembro, no Parque de Exposi\u00e7\u00f5es de Salvador, em paralelo \u00e0 31\u00aa Feira Internacional da Agropecu\u00e1ria (Fenagro).<\/p>\n<p><img loading=\"lazy\" class=\"alignleft size-medium wp-image-83884\" src=\"http:\/\/www.blogdothame.blog.br\/v1\/wp-content\/uploads\/2018\/11\/cagf-2-300x194.jpg\" alt=\"cagf 2\" width=\"300\" height=\"194\" srcset=\"https:\/\/www.blogdothame.blog.br\/v1\/wp-content\/uploads\/2018\/11\/cagf-2-300x194.jpg 300w, https:\/\/www.blogdothame.blog.br\/v1\/wp-content\/uploads\/2018\/11\/cagf-2.jpg 761w\" sizes=\"(max-width: 300px) 100vw, 300px\" \/>A iniciativa \u00e9 do Governo do Estado, executada pela Secretaria de Desenvolvimento Rural (SDR), por meio da Companhia de Desenvolvimento e A\u00e7\u00e3o Regional (CAR), com investimento da ordem de R$ 1,2 milh\u00e3o. O Centro de Distribui\u00e7\u00e3o integra a estrat\u00e9gia de comercializa\u00e7\u00e3o dos produtos da agricultura familiar. No espa\u00e7o se encontram dep\u00f3sitos fechados de cooperativas baianas, em Salvador, para facilitar o escoamento da produ\u00e7\u00e3o.<\/p>\n<p>O secret\u00e1rio da SDR, Jer\u00f4nimo Rodrigues, destacou que, com o centro de distribui\u00e7\u00e3o em funcionamento, a agricultura familiar baiana vai ter a possibilidade de produzir em larga escala e atender \u00e0 demanda de comercializa\u00e7\u00e3o: \u201c\u00c9 mais uma oportunidade de demonstrar a for\u00e7a da agricultura familiar, segmento respons\u00e1vel pela produ\u00e7\u00e3o do alimento que vai \u00e0 mesa de 70% dos brasileiros e baianos\u201d.<\/p>\n<p><!--more--><\/p>\n<p>Para o diretor-presidente da CAR, Wilson Dias, essa \u00e9 uma oportunidade para as cooperativas da agricultura familiar trazerem seus produtos, em grande quantidade, armazenar no Centro de Distribui\u00e7\u00e3o, e fazer as vendas para supermercados, delicatessens, padarias: \u201cO Governo quer estimular as cooperativas para que elas fa\u00e7am mais vendas nesse grande mercado de oportunidades, que \u00e9 Salvador. Sem essa log\u00edstica, de passar por um centro de distribui\u00e7\u00e3o, como esse que estamos inaugurando, ficaria mais dif\u00edcil fazer a venda direta\u201d.<\/p>\n<p>De acordo com Iara Andrade, da Uni\u00e3o das Cooperativas da Agricultura Familiar e Economia Solid\u00e1ria (Unicafes), a chegada do Centro de Distribui\u00e7\u00e3o est\u00e1 sendo mais uma conquista, por ter um espa\u00e7o para armazenar e a partir dele distribuir, mas que tamb\u00e9m \u00e9 um desafio pela necessidade de ampliar o mercado. Andrade observou que a a\u00e7\u00e3o vai possibilitar ainda a redu\u00e7\u00e3o de custos para as cooperativas, com transporte de mercadorias\u201d.<\/p>\n<p>\u201cO Centro de Distribui\u00e7\u00e3o ser\u00e1 um instrumento para os agricultores e agricultoras familiares, organizados em cooperativas, poderem ter um espa\u00e7o para armazenar produtos de diversas regi\u00f5es do estado, que \u00e9 imenso, que chega aqui e daqui \u00e9 distribu\u00eddo em pequenos ve\u00edculos para atender, principalmente, ao mercado varejista de Salvador e da regi\u00e3o metropolitana, ou a mercados institucionais\u201d, observou Andrade.<\/p>\n","protected":false},"excerpt":{"rendered":"<p>Foi inaugurado, neste domingo (25), o Centro de Distribui\u00e7\u00e3o da Agricultura Familiar, no bairro de Itapu\u00e3, na capital baiana. O ato, que contou com a presen\u00e7a do vice-governador da Bahia, Jo\u00e3o Le\u00e3o, integra a programa\u00e7\u00e3o da 9\u00aa Feira da Agricultura Familiar e Economia Solid\u00e1ria, o maior evento da agricultura familiar do Brasil, que acontece at\u00e9 [&hellip;]<\/p>\n","protected":false},"author":2,"featured_media":0,"comment_status":"open","ping_status":"open","sticky":false,"template":"","format":"standard","meta":{"_links_to":"","_links_to_target":""},"categories":[1],"tags":[23083,16,12999],"_links":{"self":[{"href":"https:\/\/www.blogdothame.blog.br\/v1\/wp-json\/wp\/v2\/posts\/83883"}],"collection":[{"href":"https:\/\/www.blogdothame.blog.br\/v1\/wp-json\/wp\/v2\/posts"}],"about":[{"href":"https:\/\/www.blogdothame.blog.br\/v1\/wp-json\/wp\/v2\/types\/post"}],"author":[{"embeddable":true,"href":"https:\/\/www.blogdothame.blog.br\/v1\/wp-json\/wp\/v2\/users\/2"}],"replies":[{"embeddable":true,"href":"https:\/\/www.blogdothame.blog.br\/v1\/wp-json\/wp\/v2\/comments?post=83883"}],"version-history":[{"count":1,"href":"https:\/\/www.blogdothame.blog.br\/v1\/wp-json\/wp\/v2\/posts\/83883\/revisions"}],"predecessor-version":[{"id":83886,"href":"https:\/\/www.blogdothame.blog.br\/v1\/wp-json\/wp\/v2\/posts\/83883\/revisions\/83886"}],"wp:attachment":[{"href":"https:\/\/www.blogdothame.blog.br\/v1\/wp-json\/wp\/v2\/media?parent=83883"}],"wp:term":[{"taxonomy":"category","embeddable":true,"href":"https:\/\/www.blogdothame.blog.br\/v1\/wp-json\/wp\/v2\/categories?post=83883"},{"taxonomy":"post_tag","embeddable":true,"href":"https:\/\/www.blogdothame.blog.br\/v1\/wp-json\/wp\/v2\/tags?post=83883"}],"curies":[{"name":"wp","href":"https:\/\/api.w.org\/{rel}","templated":true}]}}