{"id":8318,"date":"2012-04-03T15:55:35","date_gmt":"2012-04-03T18:55:35","guid":{"rendered":"http:\/\/www.blogdothame.blog.br\/v1\/?p=8318"},"modified":"2012-04-03T15:55:35","modified_gmt":"2012-04-03T18:55:35","slug":"movimento-negro-condena-agressao-a-africanos-em-ilheus","status":"publish","type":"post","link":"https:\/\/www.blogdothame.blog.br\/v1\/2012\/04\/03\/movimento-negro-condena-agressao-a-africanos-em-ilheus\/","title":{"rendered":"MOVIMENTO NEGRO CONDENA AGRESS\u00c3O A AFRICANOS EM ILH\u00c9US"},"content":{"rendered":"<p><a href=\"http:\/\/www.blogdothame.blog.br\/v1\/wp-content\/uploads\/africanos.jpg\"><img loading=\"lazy\" class=\"aligncenter size-full wp-image-8319\" title=\"africanos\" src=\"http:\/\/www.blogdothame.blog.br\/v1\/wp-content\/uploads\/africanos.jpg\" alt=\"\" width=\"323\" height=\"240\" srcset=\"https:\/\/www.blogdothame.blog.br\/v1\/wp-content\/uploads\/africanos.jpg 323w, https:\/\/www.blogdothame.blog.br\/v1\/wp-content\/uploads\/africanos-300x222.jpg 300w\" sizes=\"(max-width: 323px) 100vw, 323px\" \/><\/a><\/p>\n<p>O MNU \u2013 Movimento Negro Unificado, Se\u00e7\u00e3o-Ilh\u00e9us, \u00a0manifestou \u201cprofunda indigna\u00e7\u00e3o\u201d com o epis\u00f3dio ocorrido no Porto de Ilh\u00e9us no dia 23 de mar\u00e7o. Os africanos, ganeses, Samuel Ackom Kobena e Kwetku Attah, foram acusados de viajar clandestinamente no navio Celine C, do Reino Unido, que saiu da Costa do Marfim para abastecer ind\u00fastrias moageiras de cacau. As cenas de maus-tratos e \u201ctortura\u201d sofridas pelos ganeses foram filmadas por um trabalhador do Porto do Malhado.<\/p>\n<p>De acordo com \u00a0Edson Vieira, coordenador do MNU em Ilh\u00e9us, \u201ctal fato, n\u00e3o pode ser caracterizado como uma simples \u00a0imigra\u00e7\u00e3o ilegal, h\u00e1 implica\u00e7\u00f5es hist\u00f3ricas e sociais profundas que permitem entender a complexidade dos deslocamentos de indiv\u00edduos e\/ou grupos na contemporaneidade\u201d. Para ele, \u201cconjunturas pol\u00edticas e econ\u00f4micas tem marcado os processos de imigra\u00e7\u00e3o, e a globaliza\u00e7\u00e3o, tem exercido um forte papel nesse processo. Ao contr\u00e1rio do que se apregoa no senso comum, os fatores de expuls\u00e3o dos pa\u00edses pobres \u00e9 mais forte do que o fator de atra\u00e7\u00e3o das sociedades p\u00f3s industriais, esta posi\u00e7\u00e3o, tem sido bastante elucidada pelos estudos afro-diasp\u00f3ricos. Viajar clandestinamente em navios com destino ao Brasil tem sido uma constante nas \u00faltimas d\u00e9cadas, mas, o maior contingente de africanos tem entrado no Brasil legalmente e por meio de interc\u00e2mbios acad\u00eamicos\u201d.<\/p>\n<p>\u201cA juventude negra brasileira tem vivenciado esta situa\u00e7\u00e3o de maus-tratos e viol\u00eancia cotidianamente, os indicadores apontam um \u201cgenoc\u00eddio\u201d de negros nas favelas e periferias. As vis\u00f5es estereotipadas e racistas sobre os africanos e afro-descendentes s\u00e3o os principais fatores para este quadro de viol\u00eancia.Tortura n\u00e3o resolve o problema dos embarques clandestinos, a quest\u00e3o \u00e9 pol\u00edtica e, tal postura merece ser apurada por meio de investiga\u00e7\u00f5es pela pol\u00edcia federal\u201d, destaca o coordenador do MNU.<\/p>\n","protected":false},"excerpt":{"rendered":"<p>O MNU \u2013 Movimento Negro Unificado, Se\u00e7\u00e3o-Ilh\u00e9us, \u00a0manifestou \u201cprofunda indigna\u00e7\u00e3o\u201d com o epis\u00f3dio ocorrido no Porto de Ilh\u00e9us no dia 23 de mar\u00e7o. Os africanos, ganeses, Samuel Ackom Kobena e Kwetku Attah, foram acusados de viajar clandestinamente no navio Celine C, do Reino Unido, que saiu da Costa do Marfim para abastecer ind\u00fastrias moageiras de [&hellip;]<\/p>\n","protected":false},"author":2,"featured_media":0,"comment_status":"open","ping_status":"open","sticky":false,"template":"","format":"standard","meta":{"_links_to":"","_links_to_target":""},"categories":[1],"tags":[2582,2584,218,2581,2583],"_links":{"self":[{"href":"https:\/\/www.blogdothame.blog.br\/v1\/wp-json\/wp\/v2\/posts\/8318"}],"collection":[{"href":"https:\/\/www.blogdothame.blog.br\/v1\/wp-json\/wp\/v2\/posts"}],"about":[{"href":"https:\/\/www.blogdothame.blog.br\/v1\/wp-json\/wp\/v2\/types\/post"}],"author":[{"embeddable":true,"href":"https:\/\/www.blogdothame.blog.br\/v1\/wp-json\/wp\/v2\/users\/2"}],"replies":[{"embeddable":true,"href":"https:\/\/www.blogdothame.blog.br\/v1\/wp-json\/wp\/v2\/comments?post=8318"}],"version-history":[{"count":1,"href":"https:\/\/www.blogdothame.blog.br\/v1\/wp-json\/wp\/v2\/posts\/8318\/revisions"}],"predecessor-version":[{"id":8320,"href":"https:\/\/www.blogdothame.blog.br\/v1\/wp-json\/wp\/v2\/posts\/8318\/revisions\/8320"}],"wp:attachment":[{"href":"https:\/\/www.blogdothame.blog.br\/v1\/wp-json\/wp\/v2\/media?parent=8318"}],"wp:term":[{"taxonomy":"category","embeddable":true,"href":"https:\/\/www.blogdothame.blog.br\/v1\/wp-json\/wp\/v2\/categories?post=8318"},{"taxonomy":"post_tag","embeddable":true,"href":"https:\/\/www.blogdothame.blog.br\/v1\/wp-json\/wp\/v2\/tags?post=8318"}],"curies":[{"name":"wp","href":"https:\/\/api.w.org\/{rel}","templated":true}]}}