{"id":81348,"date":"2018-09-18T14:13:43","date_gmt":"2018-09-18T17:13:43","guid":{"rendered":"http:\/\/www.blogdothame.blog.br\/v1\/?p=81348"},"modified":"2018-09-18T10:45:38","modified_gmt":"2018-09-18T13:45:38","slug":"pesquisadores-de-sao-paulo-conhecem-jequitiba-mais-alto-do-brasil-no-sul-da-bahia","status":"publish","type":"post","link":"https:\/\/www.blogdothame.blog.br\/v1\/2018\/09\/18\/pesquisadores-de-sao-paulo-conhecem-jequitiba-mais-alto-do-brasil-no-sul-da-bahia\/","title":{"rendered":"Pesquisadores de S\u00e3o Paulo conhecem jequitib\u00e1 mais alto do Brasil no Sul da Bahia"},"content":{"rendered":"<p><img loading=\"lazy\" class=\"aligncenter size-medium wp-image-81351\" src=\"http:\/\/www.blogdothame.blog.br\/v1\/wp-content\/uploads\/2018\/09\/jequitib\u00e1-1-300x225.jpg\" alt=\"jequitib\u00e1 1\" width=\"300\" height=\"225\" srcset=\"https:\/\/www.blogdothame.blog.br\/v1\/wp-content\/uploads\/2018\/09\/jequitib\u00e1-1-300x225.jpg 300w, https:\/\/www.blogdothame.blog.br\/v1\/wp-content\/uploads\/2018\/09\/jequitib\u00e1-1-1024x768.jpg 1024w, https:\/\/www.blogdothame.blog.br\/v1\/wp-content\/uploads\/2018\/09\/jequitib\u00e1-1.jpg 1032w\" sizes=\"(max-width: 300px) 100vw, 300px\" \/><\/p>\n<p>Pesquisadores do Museu da Casa Brasileira\/SP, e do \u00a0Instituto de Bot\u00e2nica\/SP, acompanhados de t\u00e9cnicos da \u00a0Codeter e Ceplac, conheceram o Jequitib\u00e1 mais alto do Brasil classificado no concurso de \u00a0jequitib\u00e1s, realizado em 2013 pelo Instituto Cabruca. A \u00e1rvore, da esp\u00e9cie Jequitib\u00e1 Rosa, que \u00a0mede 56 metros de altura e 7,6 metrosm de circunfer\u00eancia. \u00a0est\u00e1 localizada na Fazenda Boa Lembran\u00e7a, em Ubat\u00e3, no Sul da Bahia, de esp\u00f3lio de Sandoval Alc\u00e2ntara.<\/p>\n<p><img loading=\"lazy\" class=\"aligncenter size-medium wp-image-81349\" src=\"http:\/\/www.blogdothame.blog.br\/v1\/wp-content\/uploads\/2018\/09\/jequitib\u00e1-2-300x225.jpg\" alt=\"jequitib\u00e1 2\" width=\"300\" height=\"225\" srcset=\"https:\/\/www.blogdothame.blog.br\/v1\/wp-content\/uploads\/2018\/09\/jequitib\u00e1-2-300x225.jpg 300w, https:\/\/www.blogdothame.blog.br\/v1\/wp-content\/uploads\/2018\/09\/jequitib\u00e1-2-1024x768.jpg 1024w, https:\/\/www.blogdothame.blog.br\/v1\/wp-content\/uploads\/2018\/09\/jequitib\u00e1-2.jpg 1032w\" sizes=\"(max-width: 300px) 100vw, 300px\" \/><\/p>\n<p>Ricardo Cardim do Museu da Casa Brasileira, Luciano Zandona do Instituto de Bot\u00e2nica e os fot\u00f3grafos e cinegrafistas Cassio Vasconcelos e Alex Vicitin est\u00e3o elaborando trabalho t\u00e9cnico\/cientifico com a realiza\u00e7\u00e3o de estudos, com pesquisas, \u00a0documenta\u00e7\u00e3o e fotografias, para a edi\u00e7\u00e3o de um livro destacando esp\u00e9cies arb\u00f3reas da Mata Atl\u00e2ntica. O foco \u00e9 hist\u00f3rico bot\u00e2nico e a import\u00e2ncia das plantas na composic\u00e3o ambiental.<\/p>\n<p><img loading=\"lazy\" class=\"aligncenter size-medium wp-image-81350\" src=\"http:\/\/www.blogdothame.blog.br\/v1\/wp-content\/uploads\/2018\/09\/jequitib\u00e1-3-300x225.jpg\" alt=\"jequitib\u00e1 3\" width=\"300\" height=\"225\" srcset=\"https:\/\/www.blogdothame.blog.br\/v1\/wp-content\/uploads\/2018\/09\/jequitib\u00e1-3-300x225.jpg 300w, https:\/\/www.blogdothame.blog.br\/v1\/wp-content\/uploads\/2018\/09\/jequitib\u00e1-3-1024x768.jpg 1024w, https:\/\/www.blogdothame.blog.br\/v1\/wp-content\/uploads\/2018\/09\/jequitib\u00e1-3.jpg 1032w\" sizes=\"(max-width: 300px) 100vw, 300px\" \/><\/p>\n<p>Segundo Cardim, \u201cn\u00e3o foram identificadas em \u00e1reas de Mata Atl\u00e2ntica no Brasil, \u00a0\u00e1rvores com porte e altura maior que o Jequitib\u00e1 em Ubat\u00e3\u201d.\u00a0\u201cAs \u00e1rvores da Mata Atl\u00e2ntica no Sul da Bahia s\u00e3o um referencial para todo o Brasil e servem como exemplo de como o cacau contribui para a conserva\u00e7\u00e3o ambiental\u201d, afirma o t\u00e9cnico da Ceplac, Jos\u00e9 Mendes<\/p>\n<p>&nbsp;<\/p>\n","protected":false},"excerpt":{"rendered":"<p>Pesquisadores do Museu da Casa Brasileira\/SP, e do \u00a0Instituto de Bot\u00e2nica\/SP, acompanhados de t\u00e9cnicos da \u00a0Codeter e Ceplac, conheceram o Jequitib\u00e1 mais alto do Brasil classificado no concurso de \u00a0jequitib\u00e1s, realizado em 2013 pelo Instituto Cabruca. A \u00e1rvore, da esp\u00e9cie Jequitib\u00e1 Rosa, que \u00a0mede 56 metros de altura e 7,6 metrosm de circunfer\u00eancia. \u00a0est\u00e1 localizada [&hellip;]<\/p>\n","protected":false},"author":2,"featured_media":0,"comment_status":"open","ping_status":"open","sticky":false,"template":"","format":"standard","meta":{"_links_to":"","_links_to_target":""},"categories":[1],"tags":[6352,22569,3098,22568,185,1249],"_links":{"self":[{"href":"https:\/\/www.blogdothame.blog.br\/v1\/wp-json\/wp\/v2\/posts\/81348"}],"collection":[{"href":"https:\/\/www.blogdothame.blog.br\/v1\/wp-json\/wp\/v2\/posts"}],"about":[{"href":"https:\/\/www.blogdothame.blog.br\/v1\/wp-json\/wp\/v2\/types\/post"}],"author":[{"embeddable":true,"href":"https:\/\/www.blogdothame.blog.br\/v1\/wp-json\/wp\/v2\/users\/2"}],"replies":[{"embeddable":true,"href":"https:\/\/www.blogdothame.blog.br\/v1\/wp-json\/wp\/v2\/comments?post=81348"}],"version-history":[{"count":1,"href":"https:\/\/www.blogdothame.blog.br\/v1\/wp-json\/wp\/v2\/posts\/81348\/revisions"}],"predecessor-version":[{"id":81352,"href":"https:\/\/www.blogdothame.blog.br\/v1\/wp-json\/wp\/v2\/posts\/81348\/revisions\/81352"}],"wp:attachment":[{"href":"https:\/\/www.blogdothame.blog.br\/v1\/wp-json\/wp\/v2\/media?parent=81348"}],"wp:term":[{"taxonomy":"category","embeddable":true,"href":"https:\/\/www.blogdothame.blog.br\/v1\/wp-json\/wp\/v2\/categories?post=81348"},{"taxonomy":"post_tag","embeddable":true,"href":"https:\/\/www.blogdothame.blog.br\/v1\/wp-json\/wp\/v2\/tags?post=81348"}],"curies":[{"name":"wp","href":"https:\/\/api.w.org\/{rel}","templated":true}]}}