{"id":81076,"date":"2018-09-10T17:13:33","date_gmt":"2018-09-10T20:13:33","guid":{"rendered":"http:\/\/www.blogdothame.blog.br\/v1\/?p=81076"},"modified":"2018-09-10T15:48:58","modified_gmt":"2018-09-10T18:48:58","slug":"feira-de-produtos-organicos-em-itabuna-2","status":"publish","type":"post","link":"https:\/\/www.blogdothame.blog.br\/v1\/2018\/09\/10\/feira-de-produtos-organicos-em-itabuna-2\/","title":{"rendered":"Feira de Produtos Org\u00e2nicos em  Itabuna"},"content":{"rendered":"<p><img loading=\"lazy\" class=\"aligncenter size-medium wp-image-81077\" src=\"http:\/\/www.blogdothame.blog.br\/v1\/wp-content\/uploads\/2018\/09\/feira-org-211x300.jpg\" alt=\"feira org\" width=\"211\" height=\"300\" srcset=\"https:\/\/www.blogdothame.blog.br\/v1\/wp-content\/uploads\/2018\/09\/feira-org-211x300.jpg 211w, https:\/\/www.blogdothame.blog.br\/v1\/wp-content\/uploads\/2018\/09\/feira-org-721x1024.jpg 721w, https:\/\/www.blogdothame.blog.br\/v1\/wp-content\/uploads\/2018\/09\/feira-org.jpg 899w\" sizes=\"(max-width: 211px) 100vw, 211px\" \/><\/p>\n<p>Ser\u00e1 realizada na pr\u00f3xima sexta-feira (14), \u00a0a Feira de Produtos Org\u00e2nicos de Itabuna, que acontece no Centro de Cultura Adonias Filho, a partir das 16 horas, A feira \u00e9 uma oportunidade para o consumidor adquirir produtos org\u00e2nicos certificados, como frutas, ra\u00edzes, verduras, plantas medicinais, arom\u00e1ticas e produtos processados, \u00a0direto do produtor.<\/p>\n<p>&nbsp;<\/p>\n<p>O evento \u00e9 uma realiza\u00e7\u00e3o da Rede Povos\u00a0da Mata, com o apoio da OCA &#8211; Centro de Agroecologia e Educa\u00e7\u00e3o da Mata Atl\u00e2ntica!&#8221;<\/p>\n","protected":false},"excerpt":{"rendered":"<p>Ser\u00e1 realizada na pr\u00f3xima sexta-feira (14), \u00a0a Feira de Produtos Org\u00e2nicos de Itabuna, que acontece no Centro de Cultura Adonias Filho, a partir das 16 horas, A feira \u00e9 uma oportunidade para o consumidor adquirir produtos org\u00e2nicos certificados, como frutas, ra\u00edzes, verduras, plantas medicinais, arom\u00e1ticas e produtos processados, \u00a0direto do produtor. &nbsp; O evento \u00e9 [&hellip;]<\/p>\n","protected":false},"author":2,"featured_media":0,"comment_status":"open","ping_status":"open","sticky":false,"template":"","format":"standard","meta":{"_links_to":"","_links_to_target":""},"categories":[1],"tags":[17650,39],"_links":{"self":[{"href":"https:\/\/www.blogdothame.blog.br\/v1\/wp-json\/wp\/v2\/posts\/81076"}],"collection":[{"href":"https:\/\/www.blogdothame.blog.br\/v1\/wp-json\/wp\/v2\/posts"}],"about":[{"href":"https:\/\/www.blogdothame.blog.br\/v1\/wp-json\/wp\/v2\/types\/post"}],"author":[{"embeddable":true,"href":"https:\/\/www.blogdothame.blog.br\/v1\/wp-json\/wp\/v2\/users\/2"}],"replies":[{"embeddable":true,"href":"https:\/\/www.blogdothame.blog.br\/v1\/wp-json\/wp\/v2\/comments?post=81076"}],"version-history":[{"count":1,"href":"https:\/\/www.blogdothame.blog.br\/v1\/wp-json\/wp\/v2\/posts\/81076\/revisions"}],"predecessor-version":[{"id":81078,"href":"https:\/\/www.blogdothame.blog.br\/v1\/wp-json\/wp\/v2\/posts\/81076\/revisions\/81078"}],"wp:attachment":[{"href":"https:\/\/www.blogdothame.blog.br\/v1\/wp-json\/wp\/v2\/media?parent=81076"}],"wp:term":[{"taxonomy":"category","embeddable":true,"href":"https:\/\/www.blogdothame.blog.br\/v1\/wp-json\/wp\/v2\/categories?post=81076"},{"taxonomy":"post_tag","embeddable":true,"href":"https:\/\/www.blogdothame.blog.br\/v1\/wp-json\/wp\/v2\/tags?post=81076"}],"curies":[{"name":"wp","href":"https:\/\/api.w.org\/{rel}","templated":true}]}}