{"id":81053,"date":"2018-09-10T05:03:46","date_gmt":"2018-09-10T08:03:46","guid":{"rendered":"http:\/\/www.blogdothame.blog.br\/v1\/?p=81053"},"modified":"2018-09-10T09:43:50","modified_gmt":"2018-09-10T12:43:50","slug":"agosto-tem-recorde-negativo-de-mortes-violentas-e-reducao-na-bahia-chega-a-86","status":"publish","type":"post","link":"https:\/\/www.blogdothame.blog.br\/v1\/2018\/09\/10\/agosto-tem-recorde-negativo-de-mortes-violentas-e-reducao-na-bahia-chega-a-86\/","title":{"rendered":"Agosto tem recorde negativo de mortes violentas e redu\u00e7\u00e3o na Bahia chega a 8,6%"},"content":{"rendered":"<p>O m\u00eas de agosto terminou com recorde negativo de mortes violentas e redu\u00e7\u00e3o na Bahia sobe para 8,6%. No oitavo m\u00eas do ano foram contabilizados 391 casos, menor n\u00famero registrado em 30 dias desde 2012. O trabalho das pol\u00edcias Militar, Civil e T\u00e9cnica, no acumulado entre janeiro e agosto de 2018, comparando com o mesmo per\u00edodo do ano anterior, resultou nas quedas de homic\u00eddio, latroc\u00ednio e les\u00e3o dolosa seguida de morte em Salvador (16,5%), Regi\u00e3o Metropolitana (12,5%) e interior (5,3%).<\/p>\n<p>&nbsp;<\/p>\n<p>&nbsp;<br \/>\nEm n\u00fameros absolutos, foram 369 vidas preservadas, no estado. Em Salvador ocorreram 769 casos, contra 921, na RMS 467 registros, enquanto em 2017 aconteceram 534 e no interior a pol\u00edcia contabilizou 2.633 mortes, contra 2.813, no ano passado.\u00a0 Somando os n\u00fameros das macrorregi\u00f5es, a Bahia fechou o per\u00edodo de janeiro a agosto de 2018 com 3.899 casos, enquanto no ano anterior foram 4.268. &#8220;Com muito esfor\u00e7o de cada policial baiano estamos caminhando para uma das maiores redu\u00e7\u00f5es de mortes violentas, no pa\u00eds&#8221;, exaltou o secret\u00e1rio da Seguran\u00e7a P\u00fablica, Maur\u00edcio Teles Barbosa.<\/p>\n","protected":false},"excerpt":{"rendered":"<p>O m\u00eas de agosto terminou com recorde negativo de mortes violentas e redu\u00e7\u00e3o na Bahia sobe para 8,6%. No oitavo m\u00eas do ano foram contabilizados 391 casos, menor n\u00famero registrado em 30 dias desde 2012. O trabalho das pol\u00edcias Militar, Civil e T\u00e9cnica, no acumulado entre janeiro e agosto de 2018, comparando com o mesmo [&hellip;]<\/p>\n","protected":false},"author":2,"featured_media":0,"comment_status":"open","ping_status":"open","sticky":false,"template":"","format":"standard","meta":{"_links_to":"","_links_to_target":""},"categories":[1],"tags":[22525,22526,777],"_links":{"self":[{"href":"https:\/\/www.blogdothame.blog.br\/v1\/wp-json\/wp\/v2\/posts\/81053"}],"collection":[{"href":"https:\/\/www.blogdothame.blog.br\/v1\/wp-json\/wp\/v2\/posts"}],"about":[{"href":"https:\/\/www.blogdothame.blog.br\/v1\/wp-json\/wp\/v2\/types\/post"}],"author":[{"embeddable":true,"href":"https:\/\/www.blogdothame.blog.br\/v1\/wp-json\/wp\/v2\/users\/2"}],"replies":[{"embeddable":true,"href":"https:\/\/www.blogdothame.blog.br\/v1\/wp-json\/wp\/v2\/comments?post=81053"}],"version-history":[{"count":3,"href":"https:\/\/www.blogdothame.blog.br\/v1\/wp-json\/wp\/v2\/posts\/81053\/revisions"}],"predecessor-version":[{"id":81056,"href":"https:\/\/www.blogdothame.blog.br\/v1\/wp-json\/wp\/v2\/posts\/81053\/revisions\/81056"}],"wp:attachment":[{"href":"https:\/\/www.blogdothame.blog.br\/v1\/wp-json\/wp\/v2\/media?parent=81053"}],"wp:term":[{"taxonomy":"category","embeddable":true,"href":"https:\/\/www.blogdothame.blog.br\/v1\/wp-json\/wp\/v2\/categories?post=81053"},{"taxonomy":"post_tag","embeddable":true,"href":"https:\/\/www.blogdothame.blog.br\/v1\/wp-json\/wp\/v2\/tags?post=81053"}],"curies":[{"name":"wp","href":"https:\/\/api.w.org\/{rel}","templated":true}]}}