{"id":81000,"date":"2018-09-06T17:13:44","date_gmt":"2018-09-06T20:13:44","guid":{"rendered":"http:\/\/www.blogdothame.blog.br\/v1\/?p=81000"},"modified":"2018-09-06T14:42:15","modified_gmt":"2018-09-06T17:42:15","slug":"educacao-e-tema-do-desfile-do-7-de-setembro-em-ilheus","status":"publish","type":"post","link":"https:\/\/www.blogdothame.blog.br\/v1\/2018\/09\/06\/educacao-e-tema-do-desfile-do-7-de-setembro-em-ilheus\/","title":{"rendered":"Educa\u00e7\u00e3o \u00e9  tema do desfile do 7 de setembro em Ilh\u00e9us"},"content":{"rendered":"<p><img loading=\"lazy\" class=\"alignleft size-medium wp-image-81001\" src=\"http:\/\/www.blogdothame.blog.br\/v1\/wp-content\/uploads\/2018\/09\/Desfile-C\u00edvico-7-de-setembro-foto-Maur\u00edcio-Maron-foto-Maur\u00edcio-Maron-300x169.jpg\" alt=\"Desfile C\u00edvico 7 de setembro - foto Maur\u00edcio Maron- foto Maur\u00edcio Maron\" width=\"300\" height=\"169\" srcset=\"https:\/\/www.blogdothame.blog.br\/v1\/wp-content\/uploads\/2018\/09\/Desfile-C\u00edvico-7-de-setembro-foto-Maur\u00edcio-Maron-foto-Maur\u00edcio-Maron-300x169.jpg 300w, https:\/\/www.blogdothame.blog.br\/v1\/wp-content\/uploads\/2018\/09\/Desfile-C\u00edvico-7-de-setembro-foto-Maur\u00edcio-Maron-foto-Maur\u00edcio-Maron.jpg 900w\" sizes=\"(max-width: 300px) 100vw, 300px\" \/>O desfile c\u00edvico e militar em comemora\u00e7\u00e3o aos 196 anos de Independ\u00eancia do Brasil em Ilh\u00e9us ter\u00e1 in\u00edcio \u00e0s 8 horas desta sexta-feira (7), na Avenida Soares Lopes, centro da cidade. O tema deste ano \u00e9 \u201cEduca\u00e7\u00e3o: for\u00e7a para um Brasil melhor\u201d que marca a valoriza\u00e7\u00e3o da cidadania, solidariedade, coopera\u00e7\u00e3o e do respeito atrav\u00e9s da inclus\u00e3o social. Crian\u00e7as, adolescentes e adultos atendidos ou apoiados por programas sociais, culturais e esportivos da Prefeitura ser\u00e3o destaques no desfile c\u00edvico e dar\u00e3o um brilho especial com a beleza da festa na avenida.<\/p>\n<p>O cortejo contar\u00e1 com a participa\u00e7\u00e3o do prefeito M\u00e1rio Alexandre, representa\u00e7\u00f5es das for\u00e7as militares, escolas p\u00fablicas e particulares, clubes de servi\u00e7o e secretarias municipais. Segundo a coordena\u00e7\u00e3o do evento, professora C\u00e9lia Miranda, da Secretaria Municipal de Educa\u00e7\u00e3o (Seduc), o in\u00edcio do desfile ser\u00e1 com a cerim\u00f4nia de hasteamento das bandeiras, seguido de revista \u00e0 tropa. O cortejo sair\u00e1 do ponto em frente ao Cine Santa Clara, na Avenida Soares Lopes. \u201cTeremos um total de 53 institui\u00e7\u00f5es participando, o que equivale a um n\u00famero de 3.998 participantes, 740 pessoas a mais do que o ano passado\u201d.<\/p>\n<p><!--more--><\/p>\n<p>Desfiles \u2013 O grupamento militar ser\u00e1 o primeiro a desfilar, composto por representa\u00e7\u00e3o da Associa\u00e7\u00e3o dos Ex-Combatentes do Brasil e pelos pelot\u00f5es da Marinha; 18\u00aa CSM \u2013 Circunscri\u00e7\u00e3o do Servi\u00e7o Militar (Ex\u00e9rcito), acompanhados pela Banda da Pol\u00edcia Militar; Col\u00e9gio da Pol\u00edcia Militar (COM) R\u00f4mulo Galv\u00e3o, com a pr\u00f3pria banda; Companhia Independente de Pelot\u00e3o Especializado (CIPE-Cacaueira); 1\u00ba Pelot\u00e3o Misto das 68\u00aa\/69\u00aa\/70\u00aa Companhias Independentes da Pol\u00edcia Militar; 2\u00ba Pelot\u00e3o PETO (Pelot\u00e3o Especial T\u00e1tico Ostensivo); Rondesp; 5\u00ba Grupo de Bombeiros Militares; Guarda Civil Municipal e Centro de Forma\u00e7\u00e3o de Bombeiro Civil \u2013 Fireguard.<\/p>\n<p>Em seguida, o grupamento motorizado da Pol\u00edcia Militar, dos Bombeiros Militares, da Guarda Civil Municipal, do SAMU e da Superintend\u00eancia de Tr\u00e2nsito (Sutran). Logo ap\u00f3s, vir\u00e1 o segundo grupamento composto pelos dos Clubes de Servi\u00e7os, com as seguintes representa\u00e7\u00f5es: Projeto Sociocultural Arte-Dan\u00e7a; Associa\u00e7\u00e3o dos Deficientes F\u00edsicos (Adefi); Associa\u00e7\u00e3o de Pais e Amigos dos Excepcionais (Apae); Lions Clube Ilh\u00e9us Centro; Lions Clube Ilh\u00e9us Pontal; Lions Clube Ilh\u00e9us Norte; Associa\u00e7\u00e3o de Apoio aos Portadores de C\u00e2ncer (Aapc); Movimento Desperta D\u00e9bora; Movimento Vantuy Agroecol\u00f3gico; Clube Dos Desbravadores; Rotary Clube Ilh\u00e9us Jorge Amado; Cap\u00edtulo S\u00e3o Jorge dos Ilh\u00e9us; Ordem Demoley; Lojas Ma\u00e7\u00f4nicas de Ilh\u00e9us e Fraternidades Femininas.<\/p>\n<p>&nbsp;<\/p>\n<p>Escolas \u2013 O terceiro grupamento ser\u00e1 aberto pelas escolas que contar\u00e1 com a presen\u00e7a da Fanfarra do Centro Estadual de Educa\u00e7\u00e3o Profissional do Chocolate Nelson Schaum (CEEP). Em seguida, desfilam na avenida, as escolas p\u00fablicas Col\u00e9gio Estadual S\u00e1 Pereira, Educand\u00e1rio Siqueira, Centro Estadual de Educa\u00e7\u00e3o Profissional do Chocolate Nelson Schaum (CEEP). Logo ap\u00f3s, escolas municipais de Castelo Novo e Banco Central.<\/p>\n<p>A Fanfarra da Escola Municipal Tem\u00edstocles Andrade acompanhar\u00e1 o quarto pelot\u00e3o formado pelas escolas municipais do Santo Ant\u00f4nio, Sabaituba, Nossa Senhora das Neves, Tem\u00edstocles Andrade (EMTA). J\u00e1 a Fanfarra do Instituto Municipal Eus\u00ednio Lavigne (Faime) acompanhar\u00e1 o grupamento das escolas municipais do Bando da Vit\u00f3ria, S\u00e3o Pedro, Pontal, Princesa Isabel e Eus\u00ednio Lavigne. O desfile ser\u00e1 encerrado com o quinto e \u00faltimo grupamento por representa\u00e7\u00f5es da Controladoria Geral do Munic\u00edpio (CGM) e das secretarias municipais de Educa\u00e7\u00e3o, Desenvolvimento Social, Sa\u00fade e Servi\u00e7os Urbanos.<\/p>\n","protected":false},"excerpt":{"rendered":"<p>O desfile c\u00edvico e militar em comemora\u00e7\u00e3o aos 196 anos de Independ\u00eancia do Brasil em Ilh\u00e9us ter\u00e1 in\u00edcio \u00e0s 8 horas desta sexta-feira (7), na Avenida Soares Lopes, centro da cidade. O tema deste ano \u00e9 \u201cEduca\u00e7\u00e3o: for\u00e7a para um Brasil melhor\u201d que marca a valoriza\u00e7\u00e3o da cidadania, solidariedade, coopera\u00e7\u00e3o e do respeito atrav\u00e9s da [&hellip;]<\/p>\n","protected":false},"author":2,"featured_media":0,"comment_status":"open","ping_status":"open","sticky":false,"template":"","format":"standard","meta":{"_links_to":"","_links_to_target":""},"categories":[1],"tags":[635,16316,60,218],"_links":{"self":[{"href":"https:\/\/www.blogdothame.blog.br\/v1\/wp-json\/wp\/v2\/posts\/81000"}],"collection":[{"href":"https:\/\/www.blogdothame.blog.br\/v1\/wp-json\/wp\/v2\/posts"}],"about":[{"href":"https:\/\/www.blogdothame.blog.br\/v1\/wp-json\/wp\/v2\/types\/post"}],"author":[{"embeddable":true,"href":"https:\/\/www.blogdothame.blog.br\/v1\/wp-json\/wp\/v2\/users\/2"}],"replies":[{"embeddable":true,"href":"https:\/\/www.blogdothame.blog.br\/v1\/wp-json\/wp\/v2\/comments?post=81000"}],"version-history":[{"count":1,"href":"https:\/\/www.blogdothame.blog.br\/v1\/wp-json\/wp\/v2\/posts\/81000\/revisions"}],"predecessor-version":[{"id":81002,"href":"https:\/\/www.blogdothame.blog.br\/v1\/wp-json\/wp\/v2\/posts\/81000\/revisions\/81002"}],"wp:attachment":[{"href":"https:\/\/www.blogdothame.blog.br\/v1\/wp-json\/wp\/v2\/media?parent=81000"}],"wp:term":[{"taxonomy":"category","embeddable":true,"href":"https:\/\/www.blogdothame.blog.br\/v1\/wp-json\/wp\/v2\/categories?post=81000"},{"taxonomy":"post_tag","embeddable":true,"href":"https:\/\/www.blogdothame.blog.br\/v1\/wp-json\/wp\/v2\/tags?post=81000"}],"curies":[{"name":"wp","href":"https:\/\/api.w.org\/{rel}","templated":true}]}}