{"id":80762,"date":"2018-08-31T05:08:19","date_gmt":"2018-08-31T08:08:19","guid":{"rendered":"http:\/\/www.blogdothame.blog.br\/v1\/?p=80762"},"modified":"2018-08-30T18:10:06","modified_gmt":"2018-08-30T21:10:06","slug":"comeca-o-horario-eleitoral-gratuito","status":"publish","type":"post","link":"https:\/\/www.blogdothame.blog.br\/v1\/2018\/08\/31\/comeca-o-horario-eleitoral-gratuito\/","title":{"rendered":"Come\u00e7a o hor\u00e1rio eleitoral gratuito"},"content":{"rendered":"<p>Come\u00e7a nesta sexta-feira, 31, o hor\u00e1rio eleitoral gratuito e as inser\u00e7\u00f5es, em r\u00e1dio e televis\u00e3o, dos candidatos \u00e0s Elei\u00e7\u00f5es Gerais 2018. Para o primeiro turno do pleito, a propaganda segue at\u00e9 o pr\u00f3ximo dia 4 de outubro e, em caso de segundo turno, o per\u00edodo de transmiss\u00e3o ser\u00e1 de 12 a 26 de outubro.<\/p>\n<p>Conforme a legisla\u00e7\u00e3o, a propaganda eleitoral gratuita no r\u00e1dio e na televis\u00e3o ser\u00e1 exibida no per\u00edodo de 31 de agosto a 4 de outubro (35 dias), sendo distribu\u00edda em dois blocos di\u00e1rios, com 25 minutos cada, de segunda-feira a s\u00e1bado. Para a exibi\u00e7\u00e3o no r\u00e1dio, a transmiss\u00e3o ocorrer\u00e1 das 7h \u00e0s 7h25 e das 12h \u00e0s 12h25. Na televis\u00e3o, ser\u00e3o obedecidos os seguintes hor\u00e1rios: das 13h \u00e0s 13h25 e das 20h30 \u00e0s 20h55.<\/p>\n<p><img loading=\"lazy\" class=\"aligncenter  wp-image-80763\" src=\"http:\/\/www.blogdothame.blog.br\/v1\/wp-content\/uploads\/2018\/08\/hor\u00e1rio-g-1024x610.png\" alt=\"hor\u00e1rio g\" width=\"453\" height=\"270\" srcset=\"https:\/\/www.blogdothame.blog.br\/v1\/wp-content\/uploads\/2018\/08\/hor\u00e1rio-g.png 1024w, https:\/\/www.blogdothame.blog.br\/v1\/wp-content\/uploads\/2018\/08\/hor\u00e1rio-g-300x179.png 300w\" sizes=\"(max-width: 453px) 100vw, 453px\" \/><\/p>\n","protected":false},"excerpt":{"rendered":"<p>Come\u00e7a nesta sexta-feira, 31, o hor\u00e1rio eleitoral gratuito e as inser\u00e7\u00f5es, em r\u00e1dio e televis\u00e3o, dos candidatos \u00e0s Elei\u00e7\u00f5es Gerais 2018. Para o primeiro turno do pleito, a propaganda segue at\u00e9 o pr\u00f3ximo dia 4 de outubro e, em caso de segundo turno, o per\u00edodo de transmiss\u00e3o ser\u00e1 de 12 a 26 de outubro. Conforme [&hellip;]<\/p>\n","protected":false},"author":2,"featured_media":0,"comment_status":"open","ping_status":"open","sticky":false,"template":"","format":"standard","meta":{"_links_to":"","_links_to_target":""},"categories":[1],"tags":[11289,4254],"_links":{"self":[{"href":"https:\/\/www.blogdothame.blog.br\/v1\/wp-json\/wp\/v2\/posts\/80762"}],"collection":[{"href":"https:\/\/www.blogdothame.blog.br\/v1\/wp-json\/wp\/v2\/posts"}],"about":[{"href":"https:\/\/www.blogdothame.blog.br\/v1\/wp-json\/wp\/v2\/types\/post"}],"author":[{"embeddable":true,"href":"https:\/\/www.blogdothame.blog.br\/v1\/wp-json\/wp\/v2\/users\/2"}],"replies":[{"embeddable":true,"href":"https:\/\/www.blogdothame.blog.br\/v1\/wp-json\/wp\/v2\/comments?post=80762"}],"version-history":[{"count":1,"href":"https:\/\/www.blogdothame.blog.br\/v1\/wp-json\/wp\/v2\/posts\/80762\/revisions"}],"predecessor-version":[{"id":80764,"href":"https:\/\/www.blogdothame.blog.br\/v1\/wp-json\/wp\/v2\/posts\/80762\/revisions\/80764"}],"wp:attachment":[{"href":"https:\/\/www.blogdothame.blog.br\/v1\/wp-json\/wp\/v2\/media?parent=80762"}],"wp:term":[{"taxonomy":"category","embeddable":true,"href":"https:\/\/www.blogdothame.blog.br\/v1\/wp-json\/wp\/v2\/categories?post=80762"},{"taxonomy":"post_tag","embeddable":true,"href":"https:\/\/www.blogdothame.blog.br\/v1\/wp-json\/wp\/v2\/tags?post=80762"}],"curies":[{"name":"wp","href":"https:\/\/api.w.org\/{rel}","templated":true}]}}