{"id":80748,"date":"2018-08-30T17:40:53","date_gmt":"2018-08-30T20:40:53","guid":{"rendered":"http:\/\/www.blogdothame.blog.br\/v1\/?p=80748"},"modified":"2018-08-30T17:15:52","modified_gmt":"2018-08-30T20:15:52","slug":"fabrica-escola-da-construcao-civil-e-implantada-em-salvador","status":"publish","type":"post","link":"https:\/\/www.blogdothame.blog.br\/v1\/2018\/08\/30\/fabrica-escola-da-construcao-civil-e-implantada-em-salvador\/","title":{"rendered":"F\u00e1brica- Escola da constru\u00e7\u00e3o civil \u00e9 implantada em Salvador"},"content":{"rendered":"<p><img loading=\"lazy\" class=\"aligncenter  wp-image-80751\" src=\"http:\/\/www.blogdothame.blog.br\/v1\/wp-content\/uploads\/2018\/08\/Inaugura\u00e7\u00e3o-da-F\u00e1brica-Escola-de-Constru\u00e7\u00e3o-Civil-Milena-Casaes-2.jpg\" alt=\"Inaugura\u00e7\u00e3o da F\u00e1brica Escola de Constru\u00e7\u00e3o Civil - Milena Casaes (2)\" width=\"402\" height=\"268\" srcset=\"https:\/\/www.blogdothame.blog.br\/v1\/wp-content\/uploads\/2018\/08\/Inaugura\u00e7\u00e3o-da-F\u00e1brica-Escola-de-Constru\u00e7\u00e3o-Civil-Milena-Casaes-2.jpg 900w, https:\/\/www.blogdothame.blog.br\/v1\/wp-content\/uploads\/2018\/08\/Inaugura\u00e7\u00e3o-da-F\u00e1brica-Escola-de-Constru\u00e7\u00e3o-Civil-Milena-Casaes-2-300x200.jpg 300w\" sizes=\"(max-width: 402px) 100vw, 402px\" \/><\/p>\n<p>Foi implantada\u00a0nesta quinta-feira (30) a primeira F\u00e1brica-Escola da Constru\u00e7\u00e3o Civil da rede estadual de educa\u00e7\u00e3o. A estrutura servir\u00e1 como laborat\u00f3rio para aulas pr\u00e1ticas e desenvolvimento de projetos, pesquisas e interven\u00e7\u00f5es sociais, e foi implantada no Centro Estadual de Educa\u00e7\u00e3o Profissional (Ceep) em gest\u00e3o Severino Vieira, em Salvador. O secret\u00e1rio da Educa\u00e7\u00e3o do Estado, Walter Pinheiro, destaca que com a implanta\u00e7\u00e3o dessa nova F\u00e1brica Escola, todo o processo de elabora\u00e7\u00e3o de um projeto de constru\u00e7\u00e3o civil v\u00e3o compor um espectro pedag\u00f3gico de pr\u00e1tica entre estudantes e professores.<\/p>\n<p><img loading=\"lazy\" class=\"aligncenter size-medium wp-image-80749\" src=\"http:\/\/www.blogdothame.blog.br\/v1\/wp-content\/uploads\/2018\/08\/Inaugura\u00e7\u00e3o-da-F\u00e1brica-Escola-de-Constru\u00e7\u00e3o-Civil-38-300x200.jpg\" alt=\"Inaugura\u00e7\u00e3o da F\u00e1brica Escola de Constru\u00e7\u00e3o Civil (38)\" width=\"300\" height=\"200\" srcset=\"https:\/\/www.blogdothame.blog.br\/v1\/wp-content\/uploads\/2018\/08\/Inaugura\u00e7\u00e3o-da-F\u00e1brica-Escola-de-Constru\u00e7\u00e3o-Civil-38-300x200.jpg 300w, https:\/\/www.blogdothame.blog.br\/v1\/wp-content\/uploads\/2018\/08\/Inaugura\u00e7\u00e3o-da-F\u00e1brica-Escola-de-Constru\u00e7\u00e3o-Civil-38.jpg 900w\" sizes=\"(max-width: 300px) 100vw, 300px\" \/><\/p>\n<p>A F\u00e1brica-Escola da\u00a0Constru\u00e7\u00e3o Civil conta com cinco laborat\u00f3rios de tecnologia e inova\u00e7\u00f5es sendo eles: Laborat\u00f3rio de Solos e Informa\u00e7\u00f5es; Laborat\u00f3rio de Maquete; Laborat\u00f3rio de T\u00e9cnicas Construtivas; Laborat\u00f3rio de topografia e Laborat\u00f3rio de Rotinas de Constru\u00e7\u00e3o. A estrutura ser\u00e1 utilizada tanto pelos estudantes\u00a0que fazem os cursos t\u00e9cnicos de n\u00edvel m\u00e9dio em Constru\u00e7\u00e3o Civil, Edifica\u00e7\u00f5es e Desenho da Constru\u00e7\u00e3o, como tamb\u00e9m por aqueles que\u00a0far\u00e3o os cursos de qualifica\u00e7\u00e3o profissional em pedreiro de alvenaria, pintor de obras, cadista e desenhista para a constru\u00e7\u00e3o civil, que ser\u00e3o ofertados pela unidade de ensino.<\/p>\n<p><img loading=\"lazy\" class=\"aligncenter size-medium wp-image-80750\" src=\"http:\/\/www.blogdothame.blog.br\/v1\/wp-content\/uploads\/2018\/08\/Inaugura\u00e7\u00e3o-da-F\u00e1brica-Escola-de-Constru\u00e7\u00e3o-Civil-42-300x200.jpg\" alt=\"Inaugura\u00e7\u00e3o da F\u00e1brica Escola de Constru\u00e7\u00e3o Civil (42)\" width=\"300\" height=\"200\" srcset=\"https:\/\/www.blogdothame.blog.br\/v1\/wp-content\/uploads\/2018\/08\/Inaugura\u00e7\u00e3o-da-F\u00e1brica-Escola-de-Constru\u00e7\u00e3o-Civil-42-300x200.jpg 300w, https:\/\/www.blogdothame.blog.br\/v1\/wp-content\/uploads\/2018\/08\/Inaugura\u00e7\u00e3o-da-F\u00e1brica-Escola-de-Constru\u00e7\u00e3o-Civil-42.jpg 900w\" sizes=\"(max-width: 300px) 100vw, 300px\" \/><\/p>\n<p>A rede estadual de Educa\u00e7\u00e3o Profissional e Tecnol\u00f3gica j\u00e1 conta com tr\u00eas f\u00e1bricas-escolas em funcionamento. S\u00e3o duas F\u00e1bricas-Escola do Chocolate, uma vinculada ao Centro Territorial de Educa\u00e7\u00e3o Profissional (Cetep) do Baixo Sul, no munic\u00edpio de Gandu, e a outra ao Ceep\u00a0Nelson Schaun, em Ilh\u00e9us, e a F\u00e1brica-Escola\u00a0do Couro,\u00a0no Cetep Bacia do Jacu\u00edpe, no munic\u00edpio de Ipir\u00e1.<\/p>\n<p><!--more--><\/p>\n<p>A diretora do Col\u00e9gio Severino Vieira, Jussara Santos, salientou a import\u00e2ncia de uma estrutura como essa para o ensino t\u00e9cnico e profissional no estado.\u00a0 \u201cUma F\u00e1brica-Escola dentro de um centro de educa\u00e7\u00e3o profissional \u00e9 um empreendimento e visa ampliar a capacidade t\u00e9cnica dos nossos alunos e proporcionar a eles uma educa\u00e7\u00e3o mais completa. A escola vai estar sempre aberta e os empres\u00e1rios v\u00e3o poder conhecer o potencial dos nossos estudantes t\u00e9cnicos\u201d, destacou.<\/p>\n<p>&nbsp;<\/p>\n<p>A interven\u00e7\u00e3o social tamb\u00e9m ser\u00e1 um princ\u00edpio educativo fomentado por meio de presta\u00e7\u00e3o de servi\u00e7os \u00e0 sociedade.\u00a0Al\u00e9m disso, a f\u00e1brica ficar\u00e1 aberta \u00e0 comunidade local para a capacita\u00e7\u00e3o e certifica\u00e7\u00e3o de trabalhadores e para a incuba\u00e7\u00e3o, pr\u00e9-incuba\u00e7\u00e3o e acelera\u00e7\u00e3o de empreendimentos com institui\u00e7\u00f5es parceiras. (Fotos: Claudionor Jr.)<\/p>\n","protected":false},"excerpt":{"rendered":"<p>Foi implantada\u00a0nesta quinta-feira (30) a primeira F\u00e1brica-Escola da Constru\u00e7\u00e3o Civil da rede estadual de educa\u00e7\u00e3o. A estrutura servir\u00e1 como laborat\u00f3rio para aulas pr\u00e1ticas e desenvolvimento de projetos, pesquisas e interven\u00e7\u00f5es sociais, e foi implantada no Centro Estadual de Educa\u00e7\u00e3o Profissional (Ceep) em gest\u00e3o Severino Vieira, em Salvador. O secret\u00e1rio da Educa\u00e7\u00e3o do Estado, Walter Pinheiro, [&hellip;]<\/p>\n","protected":false},"author":2,"featured_media":0,"comment_status":"open","ping_status":"open","sticky":false,"template":"","format":"standard","meta":{"_links_to":"","_links_to_target":""},"categories":[1],"tags":[7723,22480,16,433],"_links":{"self":[{"href":"https:\/\/www.blogdothame.blog.br\/v1\/wp-json\/wp\/v2\/posts\/80748"}],"collection":[{"href":"https:\/\/www.blogdothame.blog.br\/v1\/wp-json\/wp\/v2\/posts"}],"about":[{"href":"https:\/\/www.blogdothame.blog.br\/v1\/wp-json\/wp\/v2\/types\/post"}],"author":[{"embeddable":true,"href":"https:\/\/www.blogdothame.blog.br\/v1\/wp-json\/wp\/v2\/users\/2"}],"replies":[{"embeddable":true,"href":"https:\/\/www.blogdothame.blog.br\/v1\/wp-json\/wp\/v2\/comments?post=80748"}],"version-history":[{"count":3,"href":"https:\/\/www.blogdothame.blog.br\/v1\/wp-json\/wp\/v2\/posts\/80748\/revisions"}],"predecessor-version":[{"id":80754,"href":"https:\/\/www.blogdothame.blog.br\/v1\/wp-json\/wp\/v2\/posts\/80748\/revisions\/80754"}],"wp:attachment":[{"href":"https:\/\/www.blogdothame.blog.br\/v1\/wp-json\/wp\/v2\/media?parent=80748"}],"wp:term":[{"taxonomy":"category","embeddable":true,"href":"https:\/\/www.blogdothame.blog.br\/v1\/wp-json\/wp\/v2\/categories?post=80748"},{"taxonomy":"post_tag","embeddable":true,"href":"https:\/\/www.blogdothame.blog.br\/v1\/wp-json\/wp\/v2\/tags?post=80748"}],"curies":[{"name":"wp","href":"https:\/\/api.w.org\/{rel}","templated":true}]}}