{"id":80323,"date":"2018-08-21T11:50:33","date_gmt":"2018-08-21T14:50:33","guid":{"rendered":"http:\/\/www.blogdothame.blog.br\/v1\/?p=80323"},"modified":"2018-08-21T11:21:52","modified_gmt":"2018-08-21T14:21:52","slug":"vivencia-de-constelacao-familiar-na-vara-de-familia-em-itabuna","status":"publish","type":"post","link":"https:\/\/www.blogdothame.blog.br\/v1\/2018\/08\/21\/vivencia-de-constelacao-familiar-na-vara-de-familia-em-itabuna\/","title":{"rendered":"Viv\u00eancia de Constela\u00e7\u00e3o Familiar na Vara de Fam\u00edlia em Itabuna"},"content":{"rendered":"<p><img loading=\"lazy\" class=\"aligncenter  wp-image-80324\" src=\"http:\/\/www.blogdothame.blog.br\/v1\/wp-content\/uploads\/2018\/08\/lisa-de-deus.jpg\" alt=\"lisa de deus\" width=\"225\" height=\"281\" srcset=\"https:\/\/www.blogdothame.blog.br\/v1\/wp-content\/uploads\/2018\/08\/lisa-de-deus.jpg 668w, https:\/\/www.blogdothame.blog.br\/v1\/wp-content\/uploads\/2018\/08\/lisa-de-deus-241x300.jpg 241w\" sizes=\"(max-width: 225px) 100vw, 225px\" \/><\/p>\n<p>Acontece nesta quarta-feira , dia 22, s uma audi\u00eancia de Constela\u00e7\u00e3o Familiar, promovida pelo juiz titular da 2. Vara de Fam\u00edlia da Comarca de Itabuna, Sami Storch, visando a solu\u00e7\u00e3o de conflitos trazidos ao judici\u00e1rio.<\/p>\n<p>A Viv\u00eancia de Constela\u00e7\u00e3o Familiar \u00e9 coordenado pela terapeuta Lisa B\u00fcchler, consteladora com larga experi\u00eancia na realiza\u00e7\u00e3o de constela\u00e7\u00e3o familiar individual e em grupo em Ilh\u00e9us e regi\u00e3o.<\/p>\n<p>O evento acontece \u00e0s 8;30 horas, no novo F\u00f3rum de Itabuna (Loteamento Nossa Senhora das Gra\u00e7as, pr\u00f3ximo ao Hospital de Base) e \u00e9 aberto ao p\u00fablico.<\/p>\n","protected":false},"excerpt":{"rendered":"<p>Acontece nesta quarta-feira , dia 22, s uma audi\u00eancia de Constela\u00e7\u00e3o Familiar, promovida pelo juiz titular da 2. Vara de Fam\u00edlia da Comarca de Itabuna, Sami Storch, visando a solu\u00e7\u00e3o de conflitos trazidos ao judici\u00e1rio. A Viv\u00eancia de Constela\u00e7\u00e3o Familiar \u00e9 coordenado pela terapeuta Lisa B\u00fcchler, consteladora com larga experi\u00eancia na realiza\u00e7\u00e3o de constela\u00e7\u00e3o familiar [&hellip;]<\/p>\n","protected":false},"author":2,"featured_media":0,"comment_status":"open","ping_status":"open","sticky":false,"template":"","format":"standard","meta":{"_links_to":"","_links_to_target":""},"categories":[1],"tags":[39,22389,22388,22387],"_links":{"self":[{"href":"https:\/\/www.blogdothame.blog.br\/v1\/wp-json\/wp\/v2\/posts\/80323"}],"collection":[{"href":"https:\/\/www.blogdothame.blog.br\/v1\/wp-json\/wp\/v2\/posts"}],"about":[{"href":"https:\/\/www.blogdothame.blog.br\/v1\/wp-json\/wp\/v2\/types\/post"}],"author":[{"embeddable":true,"href":"https:\/\/www.blogdothame.blog.br\/v1\/wp-json\/wp\/v2\/users\/2"}],"replies":[{"embeddable":true,"href":"https:\/\/www.blogdothame.blog.br\/v1\/wp-json\/wp\/v2\/comments?post=80323"}],"version-history":[{"count":1,"href":"https:\/\/www.blogdothame.blog.br\/v1\/wp-json\/wp\/v2\/posts\/80323\/revisions"}],"predecessor-version":[{"id":80325,"href":"https:\/\/www.blogdothame.blog.br\/v1\/wp-json\/wp\/v2\/posts\/80323\/revisions\/80325"}],"wp:attachment":[{"href":"https:\/\/www.blogdothame.blog.br\/v1\/wp-json\/wp\/v2\/media?parent=80323"}],"wp:term":[{"taxonomy":"category","embeddable":true,"href":"https:\/\/www.blogdothame.blog.br\/v1\/wp-json\/wp\/v2\/categories?post=80323"},{"taxonomy":"post_tag","embeddable":true,"href":"https:\/\/www.blogdothame.blog.br\/v1\/wp-json\/wp\/v2\/tags?post=80323"}],"curies":[{"name":"wp","href":"https:\/\/api.w.org\/{rel}","templated":true}]}}