{"id":79505,"date":"2018-07-31T10:35:00","date_gmt":"2018-07-31T13:35:00","guid":{"rendered":"http:\/\/www.blogdothame.blog.br\/v1\/?p=79505"},"modified":"2018-07-30T17:23:34","modified_gmt":"2018-07-30T20:23:34","slug":"tvi-investe-em-novos-projetos-com-serie-novo-portal-e-ampliacao-do-jornalismo","status":"publish","type":"post","link":"https:\/\/www.blogdothame.blog.br\/v1\/2018\/07\/31\/tvi-investe-em-novos-projetos-com-serie-novo-portal-e-ampliacao-do-jornalismo\/","title":{"rendered":"TVI investe em novos projetos com s\u00e9rie, novo portal e amplia\u00e7\u00e3o do jornalismo"},"content":{"rendered":"<p><img loading=\"lazy\" class=\"alignright  wp-image-79506\" src=\"http:\/\/www.blogdothame.blog.br\/v1\/wp-content\/uploads\/2018\/07\/barbosa-filho.jpg\" alt=\"barbosa filho\" width=\"331\" height=\"280\" srcset=\"https:\/\/www.blogdothame.blog.br\/v1\/wp-content\/uploads\/2018\/07\/barbosa-filho.jpg 622w, https:\/\/www.blogdothame.blog.br\/v1\/wp-content\/uploads\/2018\/07\/barbosa-filho-300x254.jpg 300w\" sizes=\"(max-width: 331px) 100vw, 331px\" \/>A TVI Itabuna est\u00e1 produzindo em parceria com a Floresta Filmes,\u00a0 a s\u00e9rie O S\u00edndico, com Jailton Alves Eva Lima, Raquel Rocha e dire\u00e7\u00e3o de Betsi Palmeira, que deve estrear \u00a0nos pr\u00f3ximos meses, com cinco cap\u00edtulos nesta primeira fase, cada um com 26 minutos de dura\u00e7\u00e3o. O elenco ter\u00e1 a participa\u00e7\u00e3o de 11 atores e extras da regi\u00e3o, tendo como cen\u00e1rio Itabuna, segundo o diretor da TVI, Barbosa Filho, que tamb\u00e9m anuncia o novo portal da emissora na internet, com transmiss\u00e3o em tempo real e mudan\u00e7as na programa\u00e7\u00e3o com \u00eanfase para o setor de jornalismo.<\/p>\n<p>Ele explica que a \u00a0s\u00e9rie de cinco cap\u00edtulos de drama e humor tem como foco central o fato de que todo mundo tem vizinho e registra as rela\u00e7\u00f5es sociais entre as pessoas que vivem em um condom\u00ednio. O projeto \u00e9 financiado pela Ancine e h\u00e1 ainda a produ\u00e7\u00e3o de uma outra s\u00e9rie projetada com a Danivete, tamb\u00e9m com elenco 100% regional.<\/p>\n<p>A \u00a0TVI tamb\u00e9m investe no num novo portal \u00a0que est\u00e1 sendo inteiramente repaginado e estreia tamb\u00e9m nos pr\u00f3ximos dias, com links no Facebook, Twitter e no Instagram.<\/p>\n<p>Na \u00e1rea de jornalismo, \u00a0a\u00a0 TVI desenvolve uma parceria com jornalista Kleber Torres com foco na mudan\u00e7a da grade de programa\u00e7\u00e3o e \u00eanfase para o setor de not\u00edcias, debates sobre temas regionais e direcionamento para as \u00e1reas da pol\u00edtica, economia, meio ambiente e cultura.<\/p>\n","protected":false},"excerpt":{"rendered":"<p>A TVI Itabuna est\u00e1 produzindo em parceria com a Floresta Filmes,\u00a0 a s\u00e9rie O S\u00edndico, com Jailton Alves Eva Lima, Raquel Rocha e dire\u00e7\u00e3o de Betsi Palmeira, que deve estrear \u00a0nos pr\u00f3ximos meses, com cinco cap\u00edtulos nesta primeira fase, cada um com 26 minutos de dura\u00e7\u00e3o. O elenco ter\u00e1 a participa\u00e7\u00e3o de 11 atores e [&hellip;]<\/p>\n","protected":false},"author":2,"featured_media":0,"comment_status":"open","ping_status":"open","sticky":false,"template":"","format":"standard","meta":{"_links_to":"","_links_to_target":""},"categories":[1],"tags":[22232,39,13921,17777],"_links":{"self":[{"href":"https:\/\/www.blogdothame.blog.br\/v1\/wp-json\/wp\/v2\/posts\/79505"}],"collection":[{"href":"https:\/\/www.blogdothame.blog.br\/v1\/wp-json\/wp\/v2\/posts"}],"about":[{"href":"https:\/\/www.blogdothame.blog.br\/v1\/wp-json\/wp\/v2\/types\/post"}],"author":[{"embeddable":true,"href":"https:\/\/www.blogdothame.blog.br\/v1\/wp-json\/wp\/v2\/users\/2"}],"replies":[{"embeddable":true,"href":"https:\/\/www.blogdothame.blog.br\/v1\/wp-json\/wp\/v2\/comments?post=79505"}],"version-history":[{"count":1,"href":"https:\/\/www.blogdothame.blog.br\/v1\/wp-json\/wp\/v2\/posts\/79505\/revisions"}],"predecessor-version":[{"id":79507,"href":"https:\/\/www.blogdothame.blog.br\/v1\/wp-json\/wp\/v2\/posts\/79505\/revisions\/79507"}],"wp:attachment":[{"href":"https:\/\/www.blogdothame.blog.br\/v1\/wp-json\/wp\/v2\/media?parent=79505"}],"wp:term":[{"taxonomy":"category","embeddable":true,"href":"https:\/\/www.blogdothame.blog.br\/v1\/wp-json\/wp\/v2\/categories?post=79505"},{"taxonomy":"post_tag","embeddable":true,"href":"https:\/\/www.blogdothame.blog.br\/v1\/wp-json\/wp\/v2\/tags?post=79505"}],"curies":[{"name":"wp","href":"https:\/\/api.w.org\/{rel}","templated":true}]}}