{"id":79464,"date":"2018-07-30T09:07:22","date_gmt":"2018-07-30T12:07:22","guid":{"rendered":"http:\/\/www.blogdothame.blog.br\/v1\/?p=79464"},"modified":"2018-07-30T09:07:22","modified_gmt":"2018-07-30T12:07:22","slug":"em-feira-de-santana-rui-costa-reune-mais-de-3-mil-pessoas-em-plenaria-do-pgp","status":"publish","type":"post","link":"https:\/\/www.blogdothame.blog.br\/v1\/2018\/07\/30\/em-feira-de-santana-rui-costa-reune-mais-de-3-mil-pessoas-em-plenaria-do-pgp\/","title":{"rendered":"Em Feira de Santana, Rui Costa re\u00fane mais de 3 mil pessoas em plen\u00e1ria do PGP"},"content":{"rendered":"<p><img loading=\"lazy\" class=\"aligncenter  wp-image-79467\" src=\"http:\/\/www.blogdothame.blog.br\/v1\/wp-content\/uploads\/2018\/07\/feira-3-1024x683.jpg\" alt=\"feira 3\" width=\"434\" height=\"289\" srcset=\"https:\/\/www.blogdothame.blog.br\/v1\/wp-content\/uploads\/2018\/07\/feira-3.jpg 1024w, https:\/\/www.blogdothame.blog.br\/v1\/wp-content\/uploads\/2018\/07\/feira-3-300x200.jpg 300w\" sizes=\"(max-width: 434px) 100vw, 434px\" \/><\/p>\n<p>Mais de tr\u00eas mil pessoas participaram da 17\u00b0 plen\u00e1ria territorial do Programa de Governo Participativo (PGP), em Feira de Santana, neste domingo (29). Moradores dos Territ\u00f3rios de Identidade Portal do Sert\u00e3o, Bacia do Jacu\u00edpe e Sisal levaram ao pr\u00e9-candidato \u00e0 reelei\u00e7\u00e3o, Rui Costa, suas demandas priorit\u00e1rias para suas regi\u00f5es. &#8220;Quem sabe onde o calo aperta \u00e9 quem t\u00e1 cal\u00e7ando o sapato. Ouvir o povo neste momento \u00e9 nossa obriga\u00e7\u00e3o&#8221;, pontuou Rui Costa.<\/p>\n<p><img loading=\"lazy\" class=\"aligncenter size-medium wp-image-79465\" src=\"http:\/\/www.blogdothame.blog.br\/v1\/wp-content\/uploads\/2018\/07\/feira-1-300x213.jpg\" alt=\"feira 1\" width=\"300\" height=\"213\" srcset=\"https:\/\/www.blogdothame.blog.br\/v1\/wp-content\/uploads\/2018\/07\/feira-1-300x213.jpg 300w, https:\/\/www.blogdothame.blog.br\/v1\/wp-content\/uploads\/2018\/07\/feira-1-1024x726.jpg 1024w, https:\/\/www.blogdothame.blog.br\/v1\/wp-content\/uploads\/2018\/07\/feira-1.jpg 1280w\" sizes=\"(max-width: 300px) 100vw, 300px\" \/><\/p>\n<p>O governador destacou a import\u00e2ncia do fortalecimento dos cons\u00f3rcios municipais para garantir a execu\u00e7\u00e3o de servi\u00e7os que seriam invi\u00e1veis financeiramente para um Munic\u00edpio realizar sozinho. &#8220;J\u00e1 me comprometi a colocar no nosso Programa de Governo a implanta\u00e7\u00e3o de usinas m\u00f3veis de asfalto no interior, mas \u00e9 importante que os Munic\u00edpios acreditem na for\u00e7a dos cons\u00f3rcios em parceria com o Estado. O sucesso inquestion\u00e1vel das policl\u00ednicas est\u00e1 a\u00ed para provar&#8221;, disse Rui no Zila&#8217;s Cerimonial, que ficou completamente lotado para a plen\u00e1ria. &#8220;A regi\u00e3o de Feira de Santana reconhece o trabalho que fizemos e por isso o povo fez quest\u00e3o de participar do debate em torno do nosso projeto&#8221;, completou.<\/p>\n<p><img loading=\"lazy\" class=\"aligncenter size-medium wp-image-79466\" src=\"http:\/\/www.blogdothame.blog.br\/v1\/wp-content\/uploads\/2018\/07\/feira-4-300x224.jpg\" alt=\"feira 4\" width=\"300\" height=\"224\" srcset=\"https:\/\/www.blogdothame.blog.br\/v1\/wp-content\/uploads\/2018\/07\/feira-4-300x224.jpg 300w, https:\/\/www.blogdothame.blog.br\/v1\/wp-content\/uploads\/2018\/07\/feira-4-1024x764.jpg 1024w, https:\/\/www.blogdothame.blog.br\/v1\/wp-content\/uploads\/2018\/07\/feira-4.jpg 1280w\" sizes=\"(max-width: 300px) 100vw, 300px\" \/><\/p>\n<p>Ao lado de Rui, participaram do encontro os tamb\u00e9m pr\u00e9-candidatos a vice-governador, Jo\u00e3o Le\u00e3o, e senador, Jaques Wagner e Angelo Coronel. A primeira-dama do Estado, Aline Peixoto, e suas duas filhas, Marina e Malu, tamb\u00e9m marcaram presen\u00e7a. A \u00faltima plen\u00e1ria da Caravana pela Bahia acontece no dia 2 de agosto em Barreiras. No s\u00e1bado seguinte, dia 4, ser\u00e1 a vez da conven\u00e7\u00e3o que deve confirmar os nomes dos quatro pr\u00e9-candidatos que comp\u00f5em a chapa majorit\u00e1ria. O evento ser\u00e1 \u00e0s 10h no Parque de Exposi\u00e7\u00f5es de Salvador.<\/p>\n","protected":false},"excerpt":{"rendered":"<p>Mais de tr\u00eas mil pessoas participaram da 17\u00b0 plen\u00e1ria territorial do Programa de Governo Participativo (PGP), em Feira de Santana, neste domingo (29). Moradores dos Territ\u00f3rios de Identidade Portal do Sert\u00e3o, Bacia do Jacu\u00edpe e Sisal levaram ao pr\u00e9-candidato \u00e0 reelei\u00e7\u00e3o, Rui Costa, suas demandas priorit\u00e1rias para suas regi\u00f5es. &#8220;Quem sabe onde o calo aperta [&hellip;]<\/p>\n","protected":false},"author":2,"featured_media":0,"comment_status":"open","ping_status":"open","sticky":false,"template":"","format":"standard","meta":{"_links_to":"","_links_to_target":""},"categories":[1],"tags":[22126,358,615],"_links":{"self":[{"href":"https:\/\/www.blogdothame.blog.br\/v1\/wp-json\/wp\/v2\/posts\/79464"}],"collection":[{"href":"https:\/\/www.blogdothame.blog.br\/v1\/wp-json\/wp\/v2\/posts"}],"about":[{"href":"https:\/\/www.blogdothame.blog.br\/v1\/wp-json\/wp\/v2\/types\/post"}],"author":[{"embeddable":true,"href":"https:\/\/www.blogdothame.blog.br\/v1\/wp-json\/wp\/v2\/users\/2"}],"replies":[{"embeddable":true,"href":"https:\/\/www.blogdothame.blog.br\/v1\/wp-json\/wp\/v2\/comments?post=79464"}],"version-history":[{"count":1,"href":"https:\/\/www.blogdothame.blog.br\/v1\/wp-json\/wp\/v2\/posts\/79464\/revisions"}],"predecessor-version":[{"id":79468,"href":"https:\/\/www.blogdothame.blog.br\/v1\/wp-json\/wp\/v2\/posts\/79464\/revisions\/79468"}],"wp:attachment":[{"href":"https:\/\/www.blogdothame.blog.br\/v1\/wp-json\/wp\/v2\/media?parent=79464"}],"wp:term":[{"taxonomy":"category","embeddable":true,"href":"https:\/\/www.blogdothame.blog.br\/v1\/wp-json\/wp\/v2\/categories?post=79464"},{"taxonomy":"post_tag","embeddable":true,"href":"https:\/\/www.blogdothame.blog.br\/v1\/wp-json\/wp\/v2\/tags?post=79464"}],"curies":[{"name":"wp","href":"https:\/\/api.w.org\/{rel}","templated":true}]}}