{"id":78969,"date":"2018-07-17T09:13:00","date_gmt":"2018-07-17T12:13:00","guid":{"rendered":"http:\/\/www.blogdothame.blog.br\/v1\/?p=78969"},"modified":"2018-07-17T08:51:14","modified_gmt":"2018-07-17T11:51:14","slug":"escola-cultural-de-itabuna-debate-feminicidio","status":"publish","type":"post","link":"https:\/\/www.blogdothame.blog.br\/v1\/2018\/07\/17\/escola-cultural-de-itabuna-debate-feminicidio\/","title":{"rendered":"Escola Cultural de Itabuna debate `feminic\u00eddio`"},"content":{"rendered":"<p>O projeto Escolas Culturais de Itabuna, coordenado por Tacila Sousa, em parceria com o Conselho Tutelar de Itabuna e Rotaract Itabuna Sul, dando seguimento ao \u2018\u2019Projeto 18 de maio \u00e9 Todo Dia\u2019\u2019, promovem amanh\u00e3 (18) a roda de conversa \u201cSe liga\u2026 Feminic\u00eddio n\u00e3o \u00e9 papo de mulherzinha\u201d com a finalidade de esclarecer os diversos tipos de viol\u00eancia contra a mulher, sejam estes f\u00edsico, emocional, moral e\/ou psicol\u00f3gico; considerando que as taxas de feminic\u00eddio vem aumentando significativamente, sobretudo em Itabuna.<\/p>\n<p><img loading=\"lazy\" class=\"aligncenter  wp-image-78970\" src=\"http:\/\/www.blogdothame.blog.br\/v1\/wp-content\/uploads\/2018\/07\/escult.jpg\" alt=\"escult\" width=\"501\" height=\"287\" srcset=\"https:\/\/www.blogdothame.blog.br\/v1\/wp-content\/uploads\/2018\/07\/escult.jpg 750w, https:\/\/www.blogdothame.blog.br\/v1\/wp-content\/uploads\/2018\/07\/escult-300x172.jpg 300w\" sizes=\"(max-width: 501px) 100vw, 501px\" \/><\/p>\n<p>O evento acontecer\u00e1 no Col\u00e9gio Modelo Lu\u00eds Eduardo Magalh\u00e3esa partir das 9 hoiras\u00a0 sendo destinado a popula\u00e7\u00e3o em geral, contando com as presen\u00e7as de Aline Setenta, advogada, docente do curso de Direito da UESC e coordenadora do Ser Mulher \u2013 Centro de Refer\u00eancia dos direitos da mulher e Milena Araujo, Professora de Bal\u00e9 com suas alunas no Projeto Conex\u00e3o Vidas que acontece na Creche Irm\u00e3 Margarida no bairro Maria Pinheiro; que apresentaram a coreografia \u201cEncontros\u201d, a fim de que a arte seja vista e entendida como um caminho para a constru\u00e7\u00e3o de novas trajet\u00f3rias para crian\u00e7as e adolescentes em situa\u00e7\u00e3o de vulnerabilidade social.<\/p>\n<p>Estudantes do do Ensino Superior podem ser monitores do evento e receberam declara\u00e7\u00e3o virtual com carga hor\u00e1ria. Interessados devem entrar em contato, atrav\u00e9s do e-mail: <a href=\"mailto:itabuna@escolasculturais.org.br\">itabuna@escolasculturais.org.br<\/a><\/p>\n","protected":false},"excerpt":{"rendered":"<p>O projeto Escolas Culturais de Itabuna, coordenado por Tacila Sousa, em parceria com o Conselho Tutelar de Itabuna e Rotaract Itabuna Sul, dando seguimento ao \u2018\u2019Projeto 18 de maio \u00e9 Todo Dia\u2019\u2019, promovem amanh\u00e3 (18) a roda de conversa \u201cSe liga\u2026 Feminic\u00eddio n\u00e3o \u00e9 papo de mulherzinha\u201d com a finalidade de esclarecer os diversos tipos [&hellip;]<\/p>\n","protected":false},"author":2,"featured_media":0,"comment_status":"open","ping_status":"open","sticky":false,"template":"","format":"standard","meta":{"_links_to":"","_links_to_target":""},"categories":[1],"tags":[19491,22113,22112],"_links":{"self":[{"href":"https:\/\/www.blogdothame.blog.br\/v1\/wp-json\/wp\/v2\/posts\/78969"}],"collection":[{"href":"https:\/\/www.blogdothame.blog.br\/v1\/wp-json\/wp\/v2\/posts"}],"about":[{"href":"https:\/\/www.blogdothame.blog.br\/v1\/wp-json\/wp\/v2\/types\/post"}],"author":[{"embeddable":true,"href":"https:\/\/www.blogdothame.blog.br\/v1\/wp-json\/wp\/v2\/users\/2"}],"replies":[{"embeddable":true,"href":"https:\/\/www.blogdothame.blog.br\/v1\/wp-json\/wp\/v2\/comments?post=78969"}],"version-history":[{"count":1,"href":"https:\/\/www.blogdothame.blog.br\/v1\/wp-json\/wp\/v2\/posts\/78969\/revisions"}],"predecessor-version":[{"id":78971,"href":"https:\/\/www.blogdothame.blog.br\/v1\/wp-json\/wp\/v2\/posts\/78969\/revisions\/78971"}],"wp:attachment":[{"href":"https:\/\/www.blogdothame.blog.br\/v1\/wp-json\/wp\/v2\/media?parent=78969"}],"wp:term":[{"taxonomy":"category","embeddable":true,"href":"https:\/\/www.blogdothame.blog.br\/v1\/wp-json\/wp\/v2\/categories?post=78969"},{"taxonomy":"post_tag","embeddable":true,"href":"https:\/\/www.blogdothame.blog.br\/v1\/wp-json\/wp\/v2\/tags?post=78969"}],"curies":[{"name":"wp","href":"https:\/\/api.w.org\/{rel}","templated":true}]}}