{"id":78139,"date":"2018-06-25T19:00:20","date_gmt":"2018-06-25T22:00:20","guid":{"rendered":"http:\/\/www.blogdothame.blog.br\/v1\/?p=78139"},"modified":"2018-06-25T17:42:06","modified_gmt":"2018-06-25T20:42:06","slug":"arraia-das-canoas-reune-30-mil-pessoas-em-ubaitaba","status":"publish","type":"post","link":"https:\/\/www.blogdothame.blog.br\/v1\/2018\/06\/25\/arraia-das-canoas-reune-30-mil-pessoas-em-ubaitaba\/","title":{"rendered":"Arrai\u00e1 das Canoas reune 30 mil pessoas em Ubaitaba"},"content":{"rendered":"<p><img loading=\"lazy\" class=\"aligncenter  wp-image-78141\" src=\"http:\/\/www.blogdothame.blog.br\/v1\/wp-content\/uploads\/2018\/06\/uba-2-1.jpg\" alt=\"uba 2 (1)\" width=\"377\" height=\"251\" srcset=\"https:\/\/www.blogdothame.blog.br\/v1\/wp-content\/uploads\/2018\/06\/uba-2-1.jpg 900w, https:\/\/www.blogdothame.blog.br\/v1\/wp-content\/uploads\/2018\/06\/uba-2-1-300x200.jpg 300w\" sizes=\"(max-width: 377px) 100vw, 377px\" \/><\/p>\n<p>Na madrugada desta segunda-feira, dia 24, \u00faltimo dia do Arrai\u00e1 das Canoas, na Avenida Beira-Rio, em Ubaitaba, a prefeita Suka Carneiro agradeceu \u00e0s cerca de 30 mil pessoas que prestigiaram a festa junina nos tr\u00eas dias. \u201cPrimeiramente, agrade\u00e7o a Deus. Depois, um agradecimento especial a cada um de voc\u00eas que, juntamente com a Prefeitura, fez ressurgir o mais tradicional evento da nossa hist\u00f3ria e cultura\u201d, disse, emocionada.<\/p>\n<p><img loading=\"lazy\" class=\"alignleft size-medium wp-image-78140\" src=\"http:\/\/www.blogdothame.blog.br\/v1\/wp-content\/uploads\/2018\/06\/uba-2-2-300x200.jpg\" alt=\"uba 2 (2)\" width=\"300\" height=\"200\" srcset=\"https:\/\/www.blogdothame.blog.br\/v1\/wp-content\/uploads\/2018\/06\/uba-2-2-300x200.jpg 300w, https:\/\/www.blogdothame.blog.br\/v1\/wp-content\/uploads\/2018\/06\/uba-2-2.jpg 900w\" sizes=\"(max-width: 300px) 100vw, 300px\" \/>Um p\u00fablico de mais de 15 mil pessoas brincou desde a noite de domingo e se divertiu com as apresenta\u00e7\u00f5es das bandas Chama na Catraca e A Vingadora e da cantora Larissa Gomes. At\u00e9 por volta das 4 horas da manh\u00e3 de hoje, as atra\u00e7\u00f5es se revezaram no palco cantando m\u00fasicas autorais e de v\u00e1rios estilos, incluindo forr\u00f3, xote, bai\u00e3o, xaxado e, claro sofr\u00eancia. Em alguns momentos a voz do p\u00fablico superou a dos artistas tal a intera\u00e7\u00e3o.<\/p>\n<p>A prefeita Suka Carneiro garantiu que em 2019, a Prefeitura vai ampliar o espa\u00e7o e trazer mais atra\u00e7\u00f5es para divertir o p\u00fablico local e regional, que neste ano veio a Ubaitaba e aprovou desde a decora\u00e7\u00e3o \u00e0 grade de shows. Na sexta-feira, a primeira noite do Arrai\u00e1 das Canoas, foi aberta com a apresenta\u00e7\u00e3o de quadrilhas juninas da Escola Senhora Santana, de Ubaitaba, e Pisada Boa, de Itaju\u00edpe, na Beira-Rio.<\/p>\n<p><!--more--><\/p>\n<p>O cantor Ivanildo Concei\u00e7\u00e3o abriu os shows apresentando composi\u00e7\u00f5es autorais e de cancioneiro nacional. Com contagiante alegria e exibindo cen\u00e1rios com imagens de xilogravuras dos livros de cordel, a banda Zefa di Zeca, levou o p\u00fablico a dan\u00e7ar, mesmo sob chuva.Mas, a dupla Marcos e Pablo foi um show \u00e0 parte. No s\u00e1bado, as atra\u00e7\u00f5es foram Tia Zefa, Binho Alves, Silv\u00e2nia e Paulinha, Norberto Curvelo e Boteco das Amigas.<\/p>\n<p>No domingo o Arrai\u00e1 das Canoas esteve na boca do povo pelas atra\u00e7\u00f5es, decora\u00e7\u00e3o, ilumina\u00e7\u00e3o e seguran\u00e7a. Mas, nesta segunda-feira, os coment\u00e1rios giravam em torno da tranquilidade proporcionada pelo esquema montado pela 61 Companhia Independente de Pol\u00edcia Militar (CIPM), contando com o apoio da Pol\u00edcia Civil e do Grupamento de Bombeiros Militares. A paz reinou em todos os dias da festa. O Arrai\u00e1 das Canoas foi promovido pela Prefeitura de Ubaitaba com apoio do Governo do Estado, por meio da Bahiatursa\/Secretaria do Turismo.<\/p>\n","protected":false},"excerpt":{"rendered":"<p>Na madrugada desta segunda-feira, dia 24, \u00faltimo dia do Arrai\u00e1 das Canoas, na Avenida Beira-Rio, em Ubaitaba, a prefeita Suka Carneiro agradeceu \u00e0s cerca de 30 mil pessoas que prestigiaram a festa junina nos tr\u00eas dias. \u201cPrimeiramente, agrade\u00e7o a Deus. Depois, um agradecimento especial a cada um de voc\u00eas que, juntamente com a Prefeitura, fez [&hellip;]<\/p>\n","protected":false},"author":2,"featured_media":0,"comment_status":"open","ping_status":"open","sticky":false,"template":"","format":"standard","meta":{"_links_to":"","_links_to_target":""},"categories":[1],"tags":[648,21735],"_links":{"self":[{"href":"https:\/\/www.blogdothame.blog.br\/v1\/wp-json\/wp\/v2\/posts\/78139"}],"collection":[{"href":"https:\/\/www.blogdothame.blog.br\/v1\/wp-json\/wp\/v2\/posts"}],"about":[{"href":"https:\/\/www.blogdothame.blog.br\/v1\/wp-json\/wp\/v2\/types\/post"}],"author":[{"embeddable":true,"href":"https:\/\/www.blogdothame.blog.br\/v1\/wp-json\/wp\/v2\/users\/2"}],"replies":[{"embeddable":true,"href":"https:\/\/www.blogdothame.blog.br\/v1\/wp-json\/wp\/v2\/comments?post=78139"}],"version-history":[{"count":1,"href":"https:\/\/www.blogdothame.blog.br\/v1\/wp-json\/wp\/v2\/posts\/78139\/revisions"}],"predecessor-version":[{"id":78142,"href":"https:\/\/www.blogdothame.blog.br\/v1\/wp-json\/wp\/v2\/posts\/78139\/revisions\/78142"}],"wp:attachment":[{"href":"https:\/\/www.blogdothame.blog.br\/v1\/wp-json\/wp\/v2\/media?parent=78139"}],"wp:term":[{"taxonomy":"category","embeddable":true,"href":"https:\/\/www.blogdothame.blog.br\/v1\/wp-json\/wp\/v2\/categories?post=78139"},{"taxonomy":"post_tag","embeddable":true,"href":"https:\/\/www.blogdothame.blog.br\/v1\/wp-json\/wp\/v2\/tags?post=78139"}],"curies":[{"name":"wp","href":"https:\/\/api.w.org\/{rel}","templated":true}]}}