{"id":78086,"date":"2018-06-22T17:19:47","date_gmt":"2018-06-22T20:19:47","guid":{"rendered":"http:\/\/www.blogdothame.blog.br\/v1\/?p=78086"},"modified":"2018-06-22T11:30:28","modified_gmt":"2018-06-22T14:30:28","slug":"rota-do-cacau-vai-fortalecer-cadeias-produtivas-para-impulsionar-o-seto","status":"publish","type":"post","link":"https:\/\/www.blogdothame.blog.br\/v1\/2018\/06\/22\/rota-do-cacau-vai-fortalecer-cadeias-produtivas-para-impulsionar-o-seto\/","title":{"rendered":"Rota do Cacau vai fortalecer cadeias produtivas para impulsionar o setor"},"content":{"rendered":"<p><img loading=\"lazy\" class=\"aligncenter size-full wp-image-75590\" src=\"http:\/\/www.blogdothame.blog.br\/v1\/wp-content\/uploads\/2018\/04\/Cacau.-Foto-CNA-Brasil.jpg\" alt=\"Cacau. Foto CNA Brasil\" width=\"720\" height=\"478\" srcset=\"https:\/\/www.blogdothame.blog.br\/v1\/wp-content\/uploads\/2018\/04\/Cacau.-Foto-CNA-Brasil.jpg 720w, https:\/\/www.blogdothame.blog.br\/v1\/wp-content\/uploads\/2018\/04\/Cacau.-Foto-CNA-Brasil-300x199.jpg 300w\" sizes=\"(max-width: 720px) 100vw, 720px\" \/>Respons\u00e1veis por 95%\u00a0da produ\u00e7\u00e3o brasileira de cacau, os estados da Bahia e do Par\u00e1 receber\u00e3o apoio do programa Rotas de Integra\u00e7\u00e3o Nacional. O objetivo \u00e9 impulsionar a economia do setor e contribuir para a sustentabilidade das regi\u00f5es cacaueiras do pa\u00eds. Os trabalhos ser\u00e3o iniciados em Ilh\u00e9us (BA) e na regi\u00e3o do Xingu (PA), a partir de um acordo de coopera\u00e7\u00e3o t\u00e9cnica entre os Minist\u00e9rios da Integra\u00e7\u00e3o Nacional e da Agricultura, Pecu\u00e1ria e Abastecimento. A expectativa \u00e9 que at\u00e9 o fim deste ano a Rota do Cacau chegue tamb\u00e9m ao Esp\u00edrito Santo e Rond\u00f4nia.<\/p>\n<p><img loading=\"lazy\" class=\"alignright size-medium wp-image-70758\" src=\"http:\/\/www.blogdothame.blog.br\/v1\/wp-content\/uploads\/2017\/12\/juvenal-300x200.jpg\" alt=\"juvenal\" width=\"300\" height=\"200\" srcset=\"https:\/\/www.blogdothame.blog.br\/v1\/wp-content\/uploads\/2017\/12\/juvenal-300x200.jpg 300w, https:\/\/www.blogdothame.blog.br\/v1\/wp-content\/uploads\/2017\/12\/juvenal.jpg 768w\" sizes=\"(max-width: 300px) 100vw, 300px\" \/>A cadeia produtiva do cacau \u00e9 estrat\u00e9gica para o desenvolvimento regional em raz\u00e3o do grande n\u00famero de postos de trabalho gerados pelo setor, especialmente para a agricultura familiar e extrativistas em territ\u00f3rios de baixa renda. A Coordenadora-Geral de Desenvolvimento Regional do Minist\u00e9rio da Integra\u00e7\u00e3o, Aline Fagundes, destaca import\u00e2ncia da iniciativa. &#8220;Estamos buscando incentivos em todas as esferas para que as regi\u00f5es cacaueiras se desenvolvam de maneira transversal, trabalhando cada elo da cadeia produtiva e envolvendo atores diversos. S\u00e3o parcerias importantes para que a gente construa pol\u00edticas p\u00fablicas de baixo para cima, sobretudo com participa\u00e7\u00e3o efetiva do produtor&#8221;, explica.<\/p>\n<p>Para o diretor da Comiss\u00e3o Executiva do Plano da Lavoura Cacaueira (Ceplac), vinculada ao Minist\u00e9rio da Agricultura, Juvenal Maynart, a Rota do Cacau dever\u00e1 garantir \u00e0 cadeia produtiva importantes ganhos no sentido de organiza\u00e7\u00e3o de todo o sistema. &#8220;Al\u00e9m disso, a parceria com o Minist\u00e9rio da Integra\u00e7\u00e3o Nacional possibilita novas oportunidades de financiamento e crescimento econ\u00f4mico e tecnol\u00f3gico dos APLs [Arranjos Produtivos Locais]. Queremos reorganizar a atividade cacaueira para deixarmos de ser importadores de am\u00eandoas e voltarmos \u00e0 condi\u00e7\u00e3o de atender a planta industrial e crescer o bra\u00e7o da exporta\u00e7\u00e3o&#8221;, afirma.<\/p>\n<p><!--more--><\/p>\n<p>Nos dois estados, Par\u00e1 e Bahia, produtores de todos os portes podem ter acesso a financiamentos com recursos dos Fundos Constitucionais do Norte (FNO) e do Nordeste (FNE). A iniciativa, administrada pelo Minist\u00e9rio da Integra\u00e7\u00e3o, contempla desde o pequeno agricultor familiar a grandes empresas, sempre com condi\u00e7\u00f5es bastante atrativas para investimentos. As opera\u00e7\u00f5es de cr\u00e9dito destinam-se a atividades produtivas que aquecem a economia e geram emprego e renda.<\/p>\n<p>Integra\u00e7\u00e3o Nacional<\/p>\n<p>As Rotas de Integra\u00e7\u00e3o Nacional s\u00e3o redes interligadas de Arranjos Produtivos Locais que promovem inova\u00e7\u00e3o, diferencia\u00e7\u00e3o, competitividade e lucratividade de empreendimentos associados, a partir de a\u00e7\u00f5es coletivas e iniciativas de ag\u00eancias de fomento. Atuam de acordo com diretrizes da Pol\u00edtica Nacional de Desenvolvimento Regional (PNDR) e s\u00e3o parte das estrat\u00e9gias do Minist\u00e9rio da Integra\u00e7\u00e3o para inclus\u00e3o produtiva e o desenvolvimento de regi\u00f5es.<\/p>\n<p>As atividades devem priorizar baixo custo inicial de investimento e reduzido valor de custeio operacional, al\u00e9m de f\u00e1cil multiplica\u00e7\u00e3o e assimila\u00e7\u00e3o t\u00e9cnica. Os benefici\u00e1rios devem, prioritariamente, estar inscritos no Cadastro \u00danico do Governo Federal (Cad\u00danico).<\/p>\n","protected":false},"excerpt":{"rendered":"<p>Respons\u00e1veis por 95%\u00a0da produ\u00e7\u00e3o brasileira de cacau, os estados da Bahia e do Par\u00e1 receber\u00e3o apoio do programa Rotas de Integra\u00e7\u00e3o Nacional. O objetivo \u00e9 impulsionar a economia do setor e contribuir para a sustentabilidade das regi\u00f5es cacaueiras do pa\u00eds. Os trabalhos ser\u00e3o iniciados em Ilh\u00e9us (BA) e na regi\u00e3o do Xingu (PA), a partir [&hellip;]<\/p>\n","protected":false},"author":2,"featured_media":0,"comment_status":"open","ping_status":"open","sticky":false,"template":"","format":"standard","meta":{"_links_to":"","_links_to_target":""},"categories":[1],"tags":[448,561,5598,185],"_links":{"self":[{"href":"https:\/\/www.blogdothame.blog.br\/v1\/wp-json\/wp\/v2\/posts\/78086"}],"collection":[{"href":"https:\/\/www.blogdothame.blog.br\/v1\/wp-json\/wp\/v2\/posts"}],"about":[{"href":"https:\/\/www.blogdothame.blog.br\/v1\/wp-json\/wp\/v2\/types\/post"}],"author":[{"embeddable":true,"href":"https:\/\/www.blogdothame.blog.br\/v1\/wp-json\/wp\/v2\/users\/2"}],"replies":[{"embeddable":true,"href":"https:\/\/www.blogdothame.blog.br\/v1\/wp-json\/wp\/v2\/comments?post=78086"}],"version-history":[{"count":2,"href":"https:\/\/www.blogdothame.blog.br\/v1\/wp-json\/wp\/v2\/posts\/78086\/revisions"}],"predecessor-version":[{"id":78092,"href":"https:\/\/www.blogdothame.blog.br\/v1\/wp-json\/wp\/v2\/posts\/78086\/revisions\/78092"}],"wp:attachment":[{"href":"https:\/\/www.blogdothame.blog.br\/v1\/wp-json\/wp\/v2\/media?parent=78086"}],"wp:term":[{"taxonomy":"category","embeddable":true,"href":"https:\/\/www.blogdothame.blog.br\/v1\/wp-json\/wp\/v2\/categories?post=78086"},{"taxonomy":"post_tag","embeddable":true,"href":"https:\/\/www.blogdothame.blog.br\/v1\/wp-json\/wp\/v2\/tags?post=78086"}],"curies":[{"name":"wp","href":"https:\/\/api.w.org\/{rel}","templated":true}]}}