{"id":7754,"date":"2012-03-15T15:10:12","date_gmt":"2012-03-15T18:10:12","guid":{"rendered":"http:\/\/www.blogdothame.blog.br\/v1\/?p=7754"},"modified":"2012-03-15T15:10:12","modified_gmt":"2012-03-15T18:10:12","slug":"seagri-lanca-3a-edicao-do-aquapescabrasil","status":"publish","type":"post","link":"https:\/\/www.blogdothame.blog.br\/v1\/2012\/03\/15\/seagri-lanca-3a-edicao-do-aquapescabrasil\/","title":{"rendered":"Seagri lan\u00e7a 3\u00aa edi\u00e7\u00e3o do Aquapescabrasil"},"content":{"rendered":"<p>Com um coquetel para imprensa e convidados, a Secretaria da Agricultura, atrav\u00e9s da Bahia Pesca, e a organiza\u00e7\u00e3o da III AquapescaBrasil, Feira Internacional de Pesca e Aq\u00fcicultura fazem nesta\u00a0quinta-feira (15)\u00a0o\u00a0lan\u00e7amento do maior evento do setor na Am\u00e9rica Latina e um dos maiores do mundo, que pela primeira vez ser\u00e1 realizado na Bahia. O lan\u00e7amento ser\u00e1 \u00e0s\u00a018 horas, no\u00a0Restaurante Iemanj\u00e1, localizado na Av. Ot\u00e1vio Mangabeira, Praia Jardim Arma\u00e7\u00e3o. Participar\u00e3o da solenidade de lan\u00e7amento o secret\u00e1rio da Agricultura, engenheiro agr\u00f4nomo Eduardo Salles; o presidente da Bahia Pesca, Isaac Albagli; o diretor comercial da AquapescaBrasil, Ivan Gogolevsky, que far\u00e1 a apresenta\u00e7\u00e3o do projeto, e o presidente do Sindicato de Armadores e da Ind\u00fastria Pesqueira (Sindipi), Giovani Gen\u00e1zio Monteiro.<\/p>\n<p>A realiza\u00e7\u00e3o da AquapescaBrasil pela primeira vez na Bahia foi uma conquista da Bahia, no ano passado, durante o mesmo evento que ocorreu na cidade de Itaja\u00ed, Santa Catarina. Durante aquele evento a Bahia foi homenageada em raz\u00e3o do trabalho que vem realizando para o desenvolvimento do setor pesqueiro e aq\u00fcicola do Brasil nos \u00faltimos quatro anos.<\/p>\n","protected":false},"excerpt":{"rendered":"<p>Com um coquetel para imprensa e convidados, a Secretaria da Agricultura, atrav\u00e9s da Bahia Pesca, e a organiza\u00e7\u00e3o da III AquapescaBrasil, Feira Internacional de Pesca e Aq\u00fcicultura fazem nesta\u00a0quinta-feira (15)\u00a0o\u00a0lan\u00e7amento do maior evento do setor na Am\u00e9rica Latina e um dos maiores do mundo, que pela primeira vez ser\u00e1 realizado na Bahia. O lan\u00e7amento ser\u00e1 [&hellip;]<\/p>\n","protected":false},"author":2,"featured_media":0,"comment_status":"open","ping_status":"open","sticky":false,"template":"","format":"standard","meta":{"_links_to":"","_links_to_target":""},"categories":[1],"tags":[2370,93,2372,2371,1146,2369],"_links":{"self":[{"href":"https:\/\/www.blogdothame.blog.br\/v1\/wp-json\/wp\/v2\/posts\/7754"}],"collection":[{"href":"https:\/\/www.blogdothame.blog.br\/v1\/wp-json\/wp\/v2\/posts"}],"about":[{"href":"https:\/\/www.blogdothame.blog.br\/v1\/wp-json\/wp\/v2\/types\/post"}],"author":[{"embeddable":true,"href":"https:\/\/www.blogdothame.blog.br\/v1\/wp-json\/wp\/v2\/users\/2"}],"replies":[{"embeddable":true,"href":"https:\/\/www.blogdothame.blog.br\/v1\/wp-json\/wp\/v2\/comments?post=7754"}],"version-history":[{"count":1,"href":"https:\/\/www.blogdothame.blog.br\/v1\/wp-json\/wp\/v2\/posts\/7754\/revisions"}],"predecessor-version":[{"id":7755,"href":"https:\/\/www.blogdothame.blog.br\/v1\/wp-json\/wp\/v2\/posts\/7754\/revisions\/7755"}],"wp:attachment":[{"href":"https:\/\/www.blogdothame.blog.br\/v1\/wp-json\/wp\/v2\/media?parent=7754"}],"wp:term":[{"taxonomy":"category","embeddable":true,"href":"https:\/\/www.blogdothame.blog.br\/v1\/wp-json\/wp\/v2\/categories?post=7754"},{"taxonomy":"post_tag","embeddable":true,"href":"https:\/\/www.blogdothame.blog.br\/v1\/wp-json\/wp\/v2\/tags?post=7754"}],"curies":[{"name":"wp","href":"https:\/\/api.w.org\/{rel}","templated":true}]}}