{"id":77052,"date":"2018-05-30T07:21:14","date_gmt":"2018-05-30T10:21:14","guid":{"rendered":"http:\/\/www.blogdothame.blog.br\/v1\/?p=77052"},"modified":"2018-05-29T19:23:20","modified_gmt":"2018-05-29T22:23:20","slug":"ibge-desemprego-cresce-no-trimestre-e-atinge-134-milhoes","status":"publish","type":"post","link":"https:\/\/www.blogdothame.blog.br\/v1\/2018\/05\/30\/ibge-desemprego-cresce-no-trimestre-e-atinge-134-milhoes\/","title":{"rendered":"IBGE: desemprego cresce no trimestre e atinge 13,4 milh\u00f5es"},"content":{"rendered":"<p>&nbsp;<\/p>\n<p><img loading=\"lazy\" class=\"alignright size-full wp-image-54557\" src=\"http:\/\/www.blogdothame.blog.br\/v1\/wp-content\/uploads\/2016\/09\/desemprego.jpg\" alt=\"desemprego\" width=\"279\" height=\"181\" \/>A taxa de desocupa\u00e7\u00e3o (12,9%) no trimestre m\u00f3vel de fevereiro a abril de 2018 cresceu 0,7 ponto percentual em rela\u00e7\u00e3o ao trimestre de novembro de 2017 a janeiro de 2018 (12,2%). Na compara\u00e7\u00e3o com o mesmo trimestre m\u00f3vel do ano anterior, fevereiro a abril de 2017 (13,6%), houve queda de 0,7 ponto percentual.<\/p>\n<p>A popula\u00e7\u00e3o desocupada (13,4 milh\u00f5es) cresceu 5,7% em rela\u00e7\u00e3o ao trimestre anterior (12,7 milh\u00f5es). No confronto com igual trimestre do ano anterior, quando havia 14,0 milh\u00f5es de desocupados, houve queda de 4,5%.<\/p>\n<p>A popula\u00e7\u00e3o ocupada (90,7 milh\u00f5es) no trimestre de fevereiro a abril de 2018 caiu 1,1% em rela\u00e7\u00e3o ao trimestre de novembro de 2017 a janeiro de 2018. Em rela\u00e7\u00e3o ao mesmo trimestre do ano anterior (fevereiro a abril de 2017), quando havia 89,2 milh\u00f5es de pessoas ocupadas, houve crescimento de 1,7%.<\/p>\n<p>Assim, o n\u00edvel da ocupa\u00e7\u00e3o (53,6%) caiu 0,6 ponto percentual frente ao trimestre anterior (54,2%). Em rela\u00e7\u00e3o a igual trimestre de 2017, quando o n\u00edvel da ocupa\u00e7\u00e3o foi de 53,2%, houve acr\u00e9scimo de 0,4 p.p.<\/p>\n<p><!--more--><\/p>\n<p>O n\u00famero de empregados com carteira de trabalho assinada (32,7 milh\u00f5es) caiu 1,7% frente ao trimestre anterior (novembro de 2017 a janeiro de 2018), uma redu\u00e7\u00e3o de 567 mil pessoas. No confronto com o trimestre de fevereiro a abril de 2017, a queda foi de -1,7% (-557 mil pessoas).<\/p>\n<p>O n\u00famero de empregados sem carteira de trabalho assinada (10,9 milh\u00f5es de pessoas) apresentou estabilidade em rela\u00e7\u00e3o ao trimestre anterior. Em rela\u00e7\u00e3o ao mesmo trimestre de 2017, cresceu 6,3% (mais 647 mil pessoas).<\/p>\n<p>A categoria dos trabalhadores por conta pr\u00f3pria (23,0 milh\u00f5es de pessoas) ficou est\u00e1vel na compara\u00e7\u00e3o com o trimestre de novembro de 2017 a janeiro de 2018. Em rela\u00e7\u00e3o ao mesmo per\u00edodo do ano anterior, houve alta de 3,4% (mais 747 mil pessoas).<\/p>\n<p>O rendimento m\u00e9dio real habitual (R$ 2.182) no trimestre de fevereiro a abril de 2018 ficou est\u00e1vel tanto frente ao trimestre anterior (R$ 2.185), como em rela\u00e7\u00e3o ao mesmo trimestre do ano anterior (R$ 2.165).<\/p>\n<p>A massa de rendimento real habitual (R$ 193 bilh\u00f5es) ficou est\u00e1vel tanto quando comparada ao trimestre m\u00f3vel de novembro de 2017 a janeiro de 2018 como frente ao mesmo trimestre do ano anterior.<\/p>\n","protected":false},"excerpt":{"rendered":"<p>&nbsp; A taxa de desocupa\u00e7\u00e3o (12,9%) no trimestre m\u00f3vel de fevereiro a abril de 2018 cresceu 0,7 ponto percentual em rela\u00e7\u00e3o ao trimestre de novembro de 2017 a janeiro de 2018 (12,2%). Na compara\u00e7\u00e3o com o mesmo trimestre m\u00f3vel do ano anterior, fevereiro a abril de 2017 (13,6%), houve queda de 0,7 ponto percentual. A [&hellip;]<\/p>\n","protected":false},"author":2,"featured_media":0,"comment_status":"open","ping_status":"open","sticky":false,"template":"","format":"standard","meta":{"_links_to":"","_links_to_target":""},"categories":[1],"tags":[43,1620,1153],"_links":{"self":[{"href":"https:\/\/www.blogdothame.blog.br\/v1\/wp-json\/wp\/v2\/posts\/77052"}],"collection":[{"href":"https:\/\/www.blogdothame.blog.br\/v1\/wp-json\/wp\/v2\/posts"}],"about":[{"href":"https:\/\/www.blogdothame.blog.br\/v1\/wp-json\/wp\/v2\/types\/post"}],"author":[{"embeddable":true,"href":"https:\/\/www.blogdothame.blog.br\/v1\/wp-json\/wp\/v2\/users\/2"}],"replies":[{"embeddable":true,"href":"https:\/\/www.blogdothame.blog.br\/v1\/wp-json\/wp\/v2\/comments?post=77052"}],"version-history":[{"count":1,"href":"https:\/\/www.blogdothame.blog.br\/v1\/wp-json\/wp\/v2\/posts\/77052\/revisions"}],"predecessor-version":[{"id":77053,"href":"https:\/\/www.blogdothame.blog.br\/v1\/wp-json\/wp\/v2\/posts\/77052\/revisions\/77053"}],"wp:attachment":[{"href":"https:\/\/www.blogdothame.blog.br\/v1\/wp-json\/wp\/v2\/media?parent=77052"}],"wp:term":[{"taxonomy":"category","embeddable":true,"href":"https:\/\/www.blogdothame.blog.br\/v1\/wp-json\/wp\/v2\/categories?post=77052"},{"taxonomy":"post_tag","embeddable":true,"href":"https:\/\/www.blogdothame.blog.br\/v1\/wp-json\/wp\/v2\/tags?post=77052"}],"curies":[{"name":"wp","href":"https:\/\/api.w.org\/{rel}","templated":true}]}}