{"id":75142,"date":"2018-04-12T18:00:12","date_gmt":"2018-04-12T21:00:12","guid":{"rendered":"http:\/\/www.blogdothame.blog.br\/v1\/?p=75142"},"modified":"2018-04-12T15:30:33","modified_gmt":"2018-04-12T18:30:33","slug":"festa-literaria-de-ilheus-sera-lancada-no-teatro-municipal","status":"publish","type":"post","link":"https:\/\/www.blogdothame.blog.br\/v1\/2018\/04\/12\/festa-literaria-de-ilheus-sera-lancada-no-teatro-municipal\/","title":{"rendered":"Festa Liter\u00e1ria de Ilh\u00e9us ser\u00e1  lan\u00e7ada no Teatro Municipal"},"content":{"rendered":"<p><img loading=\"lazy\" class=\"alignleft size-medium wp-image-73051\" src=\"http:\/\/www.blogdothame.blog.br\/v1\/wp-content\/uploads\/2018\/02\/Teatro-Municipal-de-Ilh\u00e9us-300x169.jpg\" alt=\"Teatro Municipal de Ilh\u00e9us\" width=\"300\" height=\"169\" srcset=\"https:\/\/www.blogdothame.blog.br\/v1\/wp-content\/uploads\/2018\/02\/Teatro-Municipal-de-Ilh\u00e9us-300x169.jpg 300w, https:\/\/www.blogdothame.blog.br\/v1\/wp-content\/uploads\/2018\/02\/Teatro-Municipal-de-Ilh\u00e9us.jpg 1000w\" sizes=\"(max-width: 300px) 100vw, 300px\" \/>Com o tema \u201cLeituras democr\u00e1ticas: juventudes, livros e zaps\u201d, a Festa Liter\u00e1ria de Ilh\u00e9us ser\u00e1 lan\u00e7ada na pr\u00f3xima ter\u00e7a-feira (17), a partir das 19 horas, no Teatro Municipal. O evento que \u00e9 um convite ao p\u00fablico para refletir sobre as m\u00faltiplas formas de leitura e difus\u00e3o do conhecimento vai ser de 15 a 18 de maio, em diversos espa\u00e7os culturais do centro da cidade, reunindo debates, oficinas, feira de livros, exposi\u00e7\u00f5es e saraus.<\/p>\n<p>O lan\u00e7amento da festa liter\u00e1ria contar\u00e1 com bate-papo sobre \u201cJuventudes na era transm\u00eddia\u201d, entre Renata Lea, diretora editorial da Associa\u00e7\u00e3o EraTransmidia, e Tcharly Briglia, professor, comunic\u00f3logo e produtor de audiovisual. \u00c0 noite contar\u00e1 ainda com a participa\u00e7\u00e3o do cantor e compositor Cijay. Informa\u00e7\u00f5es adicionais sobre o evento ser\u00e3o divulgadas em breve na p\u00e1gina do facebook @editoradauesc, no Instagram @editus.uesc e nas redes dos demais organizadores.<\/p>\n<p>O secret\u00e1rio da Cultura de Ilh\u00e9us, Pawlo Cidade, informou que a proposta da festa liter\u00e1ria \u00e9 o interesse no fomento da cultura da leitura e da cria\u00e7\u00e3o musical na cidade. Os espa\u00e7os escolhidos trazem um simbolismo ainda maior, valorizando as iniciativas voltadas para o livro, a leitura e as diversas formas de acessar conhecimento.<\/p>\n<p>A festa liter\u00e1ria \u00e9 promovida pela Uesc, por meio da Editus, Secretaria de Cultura de Ilh\u00e9us, Funda\u00e7\u00e3o Pedro Calmon (\u00f3rg\u00e3o vinculado \u00e0 Secretaria da Cultura da Bahia e Academia de Letras de Ilh\u00e9us que integra a programa\u00e7\u00e3o dois eventos liter\u00e1rios: a VI Feira do Livro da Uesc e o III Festival Liter\u00e1rio de Ilh\u00e9us.<\/p>\n","protected":false},"excerpt":{"rendered":"<p>Com o tema \u201cLeituras democr\u00e1ticas: juventudes, livros e zaps\u201d, a Festa Liter\u00e1ria de Ilh\u00e9us ser\u00e1 lan\u00e7ada na pr\u00f3xima ter\u00e7a-feira (17), a partir das 19 horas, no Teatro Municipal. O evento que \u00e9 um convite ao p\u00fablico para refletir sobre as m\u00faltiplas formas de leitura e difus\u00e3o do conhecimento vai ser de 15 a 18 de [&hellip;]<\/p>\n","protected":false},"author":2,"featured_media":0,"comment_status":"open","ping_status":"open","sticky":false,"template":"","format":"standard","meta":{"_links_to":"","_links_to_target":""},"categories":[1],"tags":[21288,185],"_links":{"self":[{"href":"https:\/\/www.blogdothame.blog.br\/v1\/wp-json\/wp\/v2\/posts\/75142"}],"collection":[{"href":"https:\/\/www.blogdothame.blog.br\/v1\/wp-json\/wp\/v2\/posts"}],"about":[{"href":"https:\/\/www.blogdothame.blog.br\/v1\/wp-json\/wp\/v2\/types\/post"}],"author":[{"embeddable":true,"href":"https:\/\/www.blogdothame.blog.br\/v1\/wp-json\/wp\/v2\/users\/2"}],"replies":[{"embeddable":true,"href":"https:\/\/www.blogdothame.blog.br\/v1\/wp-json\/wp\/v2\/comments?post=75142"}],"version-history":[{"count":1,"href":"https:\/\/www.blogdothame.blog.br\/v1\/wp-json\/wp\/v2\/posts\/75142\/revisions"}],"predecessor-version":[{"id":75143,"href":"https:\/\/www.blogdothame.blog.br\/v1\/wp-json\/wp\/v2\/posts\/75142\/revisions\/75143"}],"wp:attachment":[{"href":"https:\/\/www.blogdothame.blog.br\/v1\/wp-json\/wp\/v2\/media?parent=75142"}],"wp:term":[{"taxonomy":"category","embeddable":true,"href":"https:\/\/www.blogdothame.blog.br\/v1\/wp-json\/wp\/v2\/categories?post=75142"},{"taxonomy":"post_tag","embeddable":true,"href":"https:\/\/www.blogdothame.blog.br\/v1\/wp-json\/wp\/v2\/tags?post=75142"}],"curies":[{"name":"wp","href":"https:\/\/api.w.org\/{rel}","templated":true}]}}