{"id":75003,"date":"2018-04-10T08:15:36","date_gmt":"2018-04-10T11:15:36","guid":{"rendered":"http:\/\/www.blogdothame.blog.br\/v1\/?p=75003"},"modified":"2018-04-10T11:05:44","modified_gmt":"2018-04-10T14:05:44","slug":"rosemberg-defende-manutencao-da-fafen-na-bahia","status":"publish","type":"post","link":"https:\/\/www.blogdothame.blog.br\/v1\/2018\/04\/10\/rosemberg-defende-manutencao-da-fafen-na-bahia\/","title":{"rendered":"Rosemberg defende manuten\u00e7\u00e3o da FAFEN na Bahia"},"content":{"rendered":"<p><img loading=\"lazy\" class=\"alignright  wp-image-75005\" src=\"http:\/\/www.blogdothame.blog.br\/v1\/wp-content\/uploads\/2018\/04\/fafen.jpg\" alt=\"fafen\" width=\"305\" height=\"204\" srcset=\"https:\/\/www.blogdothame.blog.br\/v1\/wp-content\/uploads\/2018\/04\/fafen.jpg 448w, https:\/\/www.blogdothame.blog.br\/v1\/wp-content\/uploads\/2018\/04\/fafen-300x200.jpg 300w\" sizes=\"(max-width: 305px) 100vw, 305px\" \/>O deputado estadual Rosemberg Pinto participou, nesta segunda-feira (9), da Sess\u00e3o Especial na Assembleia Legislativa da Bahia (Alba), que discutiu o poss\u00edvel fechamento da F\u00e1brica de Fertilizantes do Nordeste (Fafen-BA), j\u00e1 anunciado pela Petrobras. O encontro, proposto pela presid\u00eancia da Alba, ap\u00f3s solicita\u00e7\u00e3o do deputado Rosemberg, um dos principais defensores da Fafen, contou com a participa\u00e7\u00e3o de parlamentares, sindicalistas e trabalhadores da unidade baiana, que compareceram em peso \u00e0 Casa de Leis do estado.<\/p>\n<p>&nbsp;<\/p>\n<p>&nbsp;<\/p>\n<p><img loading=\"lazy\" class=\"alignleft size-medium wp-image-75014\" src=\"http:\/\/www.blogdothame.blog.br\/v1\/wp-content\/uploads\/2018\/04\/ros-1-300x200.jpg\" alt=\"ros 1\" width=\"300\" height=\"200\" srcset=\"https:\/\/www.blogdothame.blog.br\/v1\/wp-content\/uploads\/2018\/04\/ros-1-300x200.jpg 300w, https:\/\/www.blogdothame.blog.br\/v1\/wp-content\/uploads\/2018\/04\/ros-1.jpg 580w\" sizes=\"(max-width: 300px) 100vw, 300px\" \/>\u201cEles querem que o Brasil seja exportador de mat\u00e9ria-prima, e no nosso caso, exportador de \u00f3leo, porque eles est\u00e3o trabalhando muito bem essa quest\u00e3o na Venezuela. Asfixiaram a Venezuela, porque ela \u00e9 apenas exportadora de petr\u00f3leo, e querem fazer isso com a gente\u201d, denunciou o petista.<br \/>\nConforme Rosemberg, a prorroga\u00e7\u00e3o de 120 dias para iniciar a hiberna\u00e7\u00e3o da Fafen \u2013 medida anunciada no \u00faltimou dia 27 de mar\u00e7o, ap\u00f3s press\u00e3o das classes trabalhadora e pol\u00edtica, \u00e9 uma manobra para tentar desmontar a Fafen ap\u00f3s as elei\u00e7\u00f5es gerais deste ano. \u201cN\u00f3s precisamos fazer uma grande caminhada para retomar nosso projeto de Brasil. O Brasil que deu certo com Lula, com Dilma; e a Bahia, que deu certo com [Jaques] Wagner e com Rui [Costa]\u201d, completou.<br \/>\nTodos os participantes que utilizaram a tribuna da Alba fizeram refer\u00eancia \u00e0 luta do deputado Rosemberg que, na \u00e9poca em que dirigia a Federa\u00e7\u00e3o \u00danica dos Petroleiros (FUP), valorizou os sindicatos ligados aos trabalhadores do petr\u00f3leo, qu\u00edmicos e petroqu\u00edmicos. Al\u00e9m de ser um dos articuladores, em 1995, que impediu a privatiza\u00e7\u00e3o da Petrobras, tramada pelo governo FHC.<\/p>\n<p>&nbsp;<\/p>\n<p>&nbsp;<\/p>\n<p>Al\u00e9m do parlamentar petista, ex-funcion\u00e1rio da Fafen durante 34 anos, compuseram a mesa os seus pares: o presidente da ALBA, Angelo Coronel e os petistas Bira Coroa e Joseildo Ramos; da esfera federal, a senadora L\u00eddice da Mata (PSB) e o deputado Nelson Pelegrino (PT). Tamb\u00e9m participaram da Sess\u00e3o, o ex-gerente da Unidade de Neg\u00f3cio, Explora\u00e7\u00e3o e Produ\u00e7\u00e3o da Bahia \u2013 UN\/BA da Petrobras, Ant\u00f4nio Jos\u00e9 Rivas; o diretor do Sindipetro-BA, George Arl\u00e9o; o diretor do Sindipetro Bahia, Radiovaldo Costa; o diretor do Sindipetro AL\/SE, Edivaldo Leandro; o coordenador geral do Sindicato dos Trabalhadores na Ind\u00fastria da Constru\u00e7\u00e3o Civil, Montagem e Manuten\u00e7\u00e3o Industrial de Cama\u00e7ari (Sindticcc), Ant\u00f4nio Ubirajara Santos; o gerente-geral da Regional Norte-Nordeste da Petrobras dos Servi\u00e7os Compartilhados, Carlos Alberto Figueiredo; o diretor do Sindipetro e membro da executiva do PT-BA, Anisvaldo Daltro; o ex-secret\u00e1rio de Justi\u00e7a, Direitos Humanos e Desenvolvimento Social (SJDHDS), Carlos Martins e o economista do Instituto de Estudos Estrat\u00e9gicos de Petr\u00f3leo, G\u00e1s Natural e Biocombust\u00edveis Jos\u00e9 Eduardo Dutra (INEEP), Rodrigo Le\u00e3o.<\/p>\n","protected":false},"excerpt":{"rendered":"<p>O deputado estadual Rosemberg Pinto participou, nesta segunda-feira (9), da Sess\u00e3o Especial na Assembleia Legislativa da Bahia (Alba), que discutiu o poss\u00edvel fechamento da F\u00e1brica de Fertilizantes do Nordeste (Fafen-BA), j\u00e1 anunciado pela Petrobras. O encontro, proposto pela presid\u00eancia da Alba, ap\u00f3s solicita\u00e7\u00e3o do deputado Rosemberg, um dos principais defensores da Fafen, contou com a [&hellip;]<\/p>\n","protected":false},"author":2,"featured_media":0,"comment_status":"open","ping_status":"open","sticky":false,"template":"","format":"standard","meta":{"_links_to":"","_links_to_target":""},"categories":[1],"tags":[552,21253,20733,82],"_links":{"self":[{"href":"https:\/\/www.blogdothame.blog.br\/v1\/wp-json\/wp\/v2\/posts\/75003"}],"collection":[{"href":"https:\/\/www.blogdothame.blog.br\/v1\/wp-json\/wp\/v2\/posts"}],"about":[{"href":"https:\/\/www.blogdothame.blog.br\/v1\/wp-json\/wp\/v2\/types\/post"}],"author":[{"embeddable":true,"href":"https:\/\/www.blogdothame.blog.br\/v1\/wp-json\/wp\/v2\/users\/2"}],"replies":[{"embeddable":true,"href":"https:\/\/www.blogdothame.blog.br\/v1\/wp-json\/wp\/v2\/comments?post=75003"}],"version-history":[{"count":7,"href":"https:\/\/www.blogdothame.blog.br\/v1\/wp-json\/wp\/v2\/posts\/75003\/revisions"}],"predecessor-version":[{"id":75016,"href":"https:\/\/www.blogdothame.blog.br\/v1\/wp-json\/wp\/v2\/posts\/75003\/revisions\/75016"}],"wp:attachment":[{"href":"https:\/\/www.blogdothame.blog.br\/v1\/wp-json\/wp\/v2\/media?parent=75003"}],"wp:term":[{"taxonomy":"category","embeddable":true,"href":"https:\/\/www.blogdothame.blog.br\/v1\/wp-json\/wp\/v2\/categories?post=75003"},{"taxonomy":"post_tag","embeddable":true,"href":"https:\/\/www.blogdothame.blog.br\/v1\/wp-json\/wp\/v2\/tags?post=75003"}],"curies":[{"name":"wp","href":"https:\/\/api.w.org\/{rel}","templated":true}]}}