{"id":7488,"date":"2012-03-07T08:41:49","date_gmt":"2012-03-07T11:41:49","guid":{"rendered":"http:\/\/www.blogdothame.blog.br\/v1\/?p=7488"},"modified":"2012-03-07T08:41:49","modified_gmt":"2012-03-07T11:41:49","slug":"ministro-afonso-florence-recebe-frente-parlamentar-agropecuaria","status":"publish","type":"post","link":"https:\/\/www.blogdothame.blog.br\/v1\/2012\/03\/07\/ministro-afonso-florence-recebe-frente-parlamentar-agropecuaria\/","title":{"rendered":"MINISTRO AFONSO FLORENCE RECEBE FRENTE PARLAMENTAR AGROPECU\u00c1RIA"},"content":{"rendered":"<p><a href=\"http:\/\/www.blogdothame.blog.br\/v1\/wp-content\/uploads\/geraldo-e-florence.jpg\"><img loading=\"lazy\" class=\"aligncenter size-medium wp-image-7489\" title=\"geraldo e florence\" src=\"http:\/\/www.blogdothame.blog.br\/v1\/wp-content\/uploads\/geraldo-e-florence-300x225.jpg\" alt=\"\" width=\"300\" height=\"225\" srcset=\"https:\/\/www.blogdothame.blog.br\/v1\/wp-content\/uploads\/geraldo-e-florence-300x225.jpg 300w, https:\/\/www.blogdothame.blog.br\/v1\/wp-content\/uploads\/geraldo-e-florence.jpg 1024w\" sizes=\"(max-width: 300px) 100vw, 300px\" \/><\/a><\/p>\n<p>Os deputados federais Geraldo Sim\u00f5es\/BA, Oziel Oliveira\/BA, Z\u00e9 Silva\/MG, Carlos Magno\/RO, Giovani Queiroz\/PA, Homero Pereira\/MT, Valdir Colatto\/SC, Luis Carlos Heize\/RS, integrantes da Frente Parlamentar da Agropecu\u00e1ria, participaram de uma \u00a0reuni\u00e3o com o Ministro de Desenvolvimento Agr\u00e1rio, Afonso Florence. O encontro teve\u00a0 o objetivo de tratar quest\u00f5es relativas \u00e1 situa\u00e7\u00e3o dos pequenos propriet\u00e1rios frente ao novo C\u00f3digo Florestal.<\/p>\n<p>De acordo com Sim\u00f5es, o\u00a0 ministro Afonso Florence manifestou grande receptividade, escutando com aten\u00e7\u00e3o as pondera\u00e7\u00f5es dos deputados, garantindo que tomar\u00e1 as iniciativas necess\u00e1rias para articular prote\u00e7\u00e3o ambiental com a realidade concreta do campo brasileiro, evitando que os pequenos produtores e a agricultura familiar seja inviabilizada.<\/p>\n","protected":false},"excerpt":{"rendered":"<p>Os deputados federais Geraldo Sim\u00f5es\/BA, Oziel Oliveira\/BA, Z\u00e9 Silva\/MG, Carlos Magno\/RO, Giovani Queiroz\/PA, Homero Pereira\/MT, Valdir Colatto\/SC, Luis Carlos Heize\/RS, integrantes da Frente Parlamentar da Agropecu\u00e1ria, participaram de uma \u00a0reuni\u00e3o com o Ministro de Desenvolvimento Agr\u00e1rio, Afonso Florence. O encontro teve\u00a0 o objetivo de tratar quest\u00f5es relativas \u00e1 situa\u00e7\u00e3o dos pequenos propriet\u00e1rios frente ao novo [&hellip;]<\/p>\n","protected":false},"author":2,"featured_media":0,"comment_status":"open","ping_status":"open","sticky":false,"template":"","format":"standard","meta":{"_links_to":"","_links_to_target":""},"categories":[1],"tags":[847,2249,2162,2255,2246,2250,2251,2253,2254,2247,2252,2248],"_links":{"self":[{"href":"https:\/\/www.blogdothame.blog.br\/v1\/wp-json\/wp\/v2\/posts\/7488"}],"collection":[{"href":"https:\/\/www.blogdothame.blog.br\/v1\/wp-json\/wp\/v2\/posts"}],"about":[{"href":"https:\/\/www.blogdothame.blog.br\/v1\/wp-json\/wp\/v2\/types\/post"}],"author":[{"embeddable":true,"href":"https:\/\/www.blogdothame.blog.br\/v1\/wp-json\/wp\/v2\/users\/2"}],"replies":[{"embeddable":true,"href":"https:\/\/www.blogdothame.blog.br\/v1\/wp-json\/wp\/v2\/comments?post=7488"}],"version-history":[{"count":1,"href":"https:\/\/www.blogdothame.blog.br\/v1\/wp-json\/wp\/v2\/posts\/7488\/revisions"}],"predecessor-version":[{"id":7490,"href":"https:\/\/www.blogdothame.blog.br\/v1\/wp-json\/wp\/v2\/posts\/7488\/revisions\/7490"}],"wp:attachment":[{"href":"https:\/\/www.blogdothame.blog.br\/v1\/wp-json\/wp\/v2\/media?parent=7488"}],"wp:term":[{"taxonomy":"category","embeddable":true,"href":"https:\/\/www.blogdothame.blog.br\/v1\/wp-json\/wp\/v2\/categories?post=7488"},{"taxonomy":"post_tag","embeddable":true,"href":"https:\/\/www.blogdothame.blog.br\/v1\/wp-json\/wp\/v2\/tags?post=7488"}],"curies":[{"name":"wp","href":"https:\/\/api.w.org\/{rel}","templated":true}]}}