{"id":7481,"date":"2012-03-06T15:03:43","date_gmt":"2012-03-06T18:03:43","guid":{"rendered":"http:\/\/www.blogdothame.blog.br\/v1\/?p=7481"},"modified":"2012-03-06T19:37:56","modified_gmt":"2012-03-06T22:37:56","slug":"comeca-a-temporada-2012-de-windusurf-na-bahia","status":"publish","type":"post","link":"https:\/\/www.blogdothame.blog.br\/v1\/2012\/03\/06\/comeca-a-temporada-2012-de-windusurf-na-bahia\/","title":{"rendered":"Come\u00e7a a temporada 2012 de Windsurf na Bahia"},"content":{"rendered":"<p>No pr\u00f3ximo final de semana, dias\u00a010 e 11\u00a0de mar\u00e7o, a ilha de Bom Jesus dos Passos ser\u00e1 o local do in\u00edcio da temporada 2012 do Windsurf baiano, com a realiza\u00e7\u00e3o\u00a0\u00a01\u00aa etapa do ranking da Ax\u00e9 Wind e inaugura\u00e7\u00e3o do Centro de Treinamento e Lazer (CTL).<\/p>\n<p>Os velejadores baianos recepcionar\u00e3o na ilha pertencente ao munic\u00edpio de Salvador uma equipe de Alagoas para um encontro preparat\u00f3rio para as competi\u00e7\u00f5es estadual, Norte e Nordeste, nacional e para o Sulamericano, que nesse ano acontecer\u00e1 em Salvador. \u201cO evento pretende um intercambio de velejadores entre os estados para aumentar o n\u00edvel competitivo\u201d, comentou Alexandre Lessa, um dos idealizadores do CTL Ax\u00e9 Wind.<\/p>\n<p><a href=\"http:\/\/www.blogdothame.blog.br\/v1\/wp-content\/uploads\/windsurf.jpg\"><img loading=\"lazy\" class=\"alignleft size-medium wp-image-7482\" title=\"windsurf\" src=\"http:\/\/www.blogdothame.blog.br\/v1\/wp-content\/uploads\/windsurf-300x200.jpg\" alt=\"\" width=\"300\" height=\"200\" srcset=\"https:\/\/www.blogdothame.blog.br\/v1\/wp-content\/uploads\/windsurf-300x200.jpg 300w, https:\/\/www.blogdothame.blog.br\/v1\/wp-content\/uploads\/windsurf.jpg 960w\" sizes=\"(max-width: 300px) 100vw, 300px\" \/><\/a>No encontro entre atletas baianos e alagoanos a organiza\u00e7\u00e3o da Ax\u00e9 Wind pretende reunir cerca de 30 velejadores, em dois dias de velas e pranchas no mar de Bom Jesus dos Passos, que tem \u00e1guas abrigadas e ventos favor\u00e1veis para o esporte. L\u00e1, inclusive, \u00e9 o endere\u00e7o de dois windsurfistas campe\u00f5es:\u00a0Vicente Barreto, campe\u00e3o nacional Grand Master, baiano na classe F\u00f3rmula One Design e Deny Brito, camp\u00e3o baiano na classe F\u00f3rmula Windsurf.<\/p>\n<p>A proposta de implantar um CTL na ilha se deu justamente pelas condi\u00e7\u00f5es de vento e mar favor\u00e1veis, que ajudou na forma\u00e7\u00e3o dos e. \u201cQueremos proporcionar \u00e0s pessoas que querem se iniciar ou se aperfei\u00e7oar na pr\u00e1tica do windsurf uma estrutura para treinamento, guarderia e intere\u00e7\u00e3o entre atletas\u201d, disse Janjorge Melo , da equipe do empreendimento. \u201cAl\u00e9m de Bom Jesus ter todas as condi\u00e7\u00f5es necess\u00e1rias para a pr\u00e1tica do esporte, tem acesso f\u00e1cil, via Madre de Deus, distante 60 quil\u00f4metros de Salvador\u201d.<\/p>\n<p>No CTL ser\u00e3o oferecidas aulas com acompanhamento individual de windsurf,\u00a0stand up paddle\u00a0(remo sobre prancha de surf) e organiza\u00e7\u00e3o de passeios em diversos lugares.\u00a0\u00a0\u201cA id\u00e9ia \u00e9 formar competidores para os campeonatos, por isso vamos preparar as pessoas para velejar em locais diferentes, com condi\u00e7\u00f5es naturais diversas\u201d, explicou Alexandre Lessa.<\/p>\n","protected":false},"excerpt":{"rendered":"<p>No pr\u00f3ximo final de semana, dias\u00a010 e 11\u00a0de mar\u00e7o, a ilha de Bom Jesus dos Passos ser\u00e1 o local do in\u00edcio da temporada 2012 do Windsurf baiano, com a realiza\u00e7\u00e3o\u00a0\u00a01\u00aa etapa do ranking da Ax\u00e9 Wind e inaugura\u00e7\u00e3o do Centro de Treinamento e Lazer (CTL). Os velejadores baianos recepcionar\u00e3o na ilha pertencente ao munic\u00edpio de [&hellip;]<\/p>\n","protected":false},"author":2,"featured_media":0,"comment_status":"open","ping_status":"open","sticky":false,"template":"","format":"standard","meta":{"_links_to":"","_links_to_target":""},"categories":[1],"tags":[2244,2241,2243,2242,2245],"_links":{"self":[{"href":"https:\/\/www.blogdothame.blog.br\/v1\/wp-json\/wp\/v2\/posts\/7481"}],"collection":[{"href":"https:\/\/www.blogdothame.blog.br\/v1\/wp-json\/wp\/v2\/posts"}],"about":[{"href":"https:\/\/www.blogdothame.blog.br\/v1\/wp-json\/wp\/v2\/types\/post"}],"author":[{"embeddable":true,"href":"https:\/\/www.blogdothame.blog.br\/v1\/wp-json\/wp\/v2\/users\/2"}],"replies":[{"embeddable":true,"href":"https:\/\/www.blogdothame.blog.br\/v1\/wp-json\/wp\/v2\/comments?post=7481"}],"version-history":[{"count":4,"href":"https:\/\/www.blogdothame.blog.br\/v1\/wp-json\/wp\/v2\/posts\/7481\/revisions"}],"predecessor-version":[{"id":7487,"href":"https:\/\/www.blogdothame.blog.br\/v1\/wp-json\/wp\/v2\/posts\/7481\/revisions\/7487"}],"wp:attachment":[{"href":"https:\/\/www.blogdothame.blog.br\/v1\/wp-json\/wp\/v2\/media?parent=7481"}],"wp:term":[{"taxonomy":"category","embeddable":true,"href":"https:\/\/www.blogdothame.blog.br\/v1\/wp-json\/wp\/v2\/categories?post=7481"},{"taxonomy":"post_tag","embeddable":true,"href":"https:\/\/www.blogdothame.blog.br\/v1\/wp-json\/wp\/v2\/tags?post=7481"}],"curies":[{"name":"wp","href":"https:\/\/api.w.org\/{rel}","templated":true}]}}