{"id":74580,"date":"2018-03-28T13:41:44","date_gmt":"2018-03-28T16:41:44","guid":{"rendered":"http:\/\/www.blogdothame.blog.br\/v1\/?p=74580"},"modified":"2018-03-28T15:51:53","modified_gmt":"2018-03-28T18:51:53","slug":"vice-governador-joao-leao-lanca-agenda-territorial-em-barreiras","status":"publish","type":"post","link":"https:\/\/www.blogdothame.blog.br\/v1\/2018\/03\/28\/vice-governador-joao-leao-lanca-agenda-territorial-em-barreiras\/","title":{"rendered":"Vice-Governador Jo\u00e3o Le\u00e3o lan\u00e7a Agenda Territorial em Barreiras"},"content":{"rendered":"<p><img loading=\"lazy\" class=\"alignleft size-medium wp-image-74581\" src=\"http:\/\/www.blogdothame.blog.br\/v1\/wp-content\/uploads\/2018\/03\/Vice_Governador-Jo\u00e3o-Le\u00e3o-300x200.jpg\" alt=\"Vice_Governador Jo\u00e3o Le\u00e3o\" width=\"300\" height=\"200\" srcset=\"https:\/\/www.blogdothame.blog.br\/v1\/wp-content\/uploads\/2018\/03\/Vice_Governador-Jo\u00e3o-Le\u00e3o-300x200.jpg 300w, https:\/\/www.blogdothame.blog.br\/v1\/wp-content\/uploads\/2018\/03\/Vice_Governador-Jo\u00e3o-Le\u00e3o.jpg 514w\" sizes=\"(max-width: 300px) 100vw, 300px\" \/>O vice-governador e secret\u00e1rio do Planejamento, Jo\u00e3o Le\u00e3o implantou na ter\u00e7a-feira (27), no munic\u00edpio de Barreiras, a Agenda Territorial da Bahia (AG-TER) para atender os Territ\u00f3rios de Identidade da Bacia do Rio Grande, Bacia do Rio Corrente e do Velho Chico e, juntamente, com Luiz Gug\u00e9, diretor de planejamento Territorial da Seplan, apresentou as a\u00e7\u00f5es do projeto \u201cTerra Livre\u201d, voltado inicialmente para o territ\u00f3rio do Velho Chico.<\/p>\n<p>O evento, que aconteceu no audit\u00f3rio do Hotel Solar das Mangueiras, contou com as presen\u00e7as da professora Iracema Veloso, reitora da Universidade Federal do Oeste; do superintendente do Banco do Nordeste na Bahia, Jos\u00e9 Gomes da Costa; do deputado estadual Ant\u00f4nio Henrique Junior; de Jairo Vaz, diretor-presidente da Sudic; do coordenador do Sebrae em Barreiras; os representantes da Desenbahia; da Secretaria de Desenvolvimento Rural do Estado; do Sindicato dos Produtores Rurais; de institui\u00e7\u00f5es p\u00fablicas e privadas; dos cons\u00f3rcios p\u00fablicos dos territ\u00f3rios da Bacia do Rio Grande, Bacia do Rio Corrente e Velho Chico; universidades p\u00fablicas e particulares; dos prefeitos de Buritirama, Crist\u00f3polis, Catol\u00e2ndia, Cotegipe, Formosa do Rio Preto, Mansid\u00e3o, M\u00faquem do S\u00e3o Francisco, Santa Maria da Vitoria, Santa Rita de C\u00e1ssia, Santana, S\u00e3o F\u00e9lix de Coribe, S\u00e3o Desid\u00e9rio e de centenas de lideran\u00e7as municipais.<\/p>\n<p>O objetivo da Agenda \u00e9 propiciar oportunidades de desenvolvimento aos Territ\u00f3rios de Identidade, mediante a integra\u00e7\u00e3o de esfor\u00e7os entre diversos atores p\u00fablicos e privados de diferentes segmentos para viabilizar a implanta\u00e7\u00e3o de empreendimentos produtivos, fomento a cultura empreendedora e a integra\u00e7\u00e3o de mercados a fim de aumentar a renda e melhoria do padr\u00e3o de vida da popula\u00e7\u00e3o baiana.<!--more--><\/p>\n<p>A AG-TER e o projeto Terra Livre<\/p>\n<p>O vice-governador e secret\u00e1rio do Planejamento, Jo\u00e3o Le\u00e3o, na abertura dos trabalhos, falou da import\u00e2ncia da Agenda Territorial e do projeto Terra Livre. \u201cA Agenda Territorial da Bahia, nos Territ\u00f3rios de Identidade Bacia do Rio Grande, Bacia do Rio Corrente e do Velho Chico, vem para promover a gera\u00e7\u00e3o de renda, melhorar a qualidade de vida e de desenvolvimento da popula\u00e7\u00e3o\u201d.<\/p>\n<p>\u201cAssinamos hoje, aqui em Barreiras &#8211; continuou o vice-governador Jo\u00e3o Le\u00e3o &#8211; alguns protocolos para realiza\u00e7\u00f5es importantes nos territ\u00f3rios do Oeste, dentre eles, o Termo de Compromisso para indica\u00e7\u00e3o do Comando Ambiental, uma demanda encaminhada atrav\u00e9s do colegiado territorial para a Bacia do Rio Corrente e Rio Grande; a assinatura do Protocolo de Inten\u00e7\u00f5es entre Banco do Nordeste e secretaria do Planejamento, para promover a dissemina\u00e7\u00e3o de empreendimentos produtivos nos Territ\u00f3rios de Identidade. E a assinatura do Termo de Compromisso, que garante nova aprecia\u00e7\u00e3o da norma t\u00e9cnica para inclus\u00e3o de culturas e atividades pecu\u00e1rias que n\u00e3o estejam contempladas no Zoneamento Agr\u00edcola dos Territ\u00f3rios do Rio Grande e Rio Corrente, dentre outros\u201d.<\/p>\n<p>\u201cEsse \u00e9 o primeiro evento no Oeste da Bahia que reuniu no mesmo espa\u00e7o o agroneg\u00f3cio e a agricultura familiar, as institui\u00e7\u00f5es que fomentam o desenvolvimento, prefeitos e l\u00edderes pol\u00edticos e sociais. Esse projeto criado pela Seplan, que tem o apoio do Inema, do Incra, da UFOB e outras universidades, da Fieb, da Desenbahia e dos bancos do Nordeste, do Brasil e da Caixa Econ\u00f4mica \u00e9 o primeiro passo para trazer importantes benef\u00edcios para o Oeste e os agricultores da Bahia\u201d. Disse o Vice-Governador.<\/p>\n<p>&nbsp;<\/p>\n<p>Usina no Muqu\u00e9m do S\u00e3o Francisco e empresas em Luiz Eduardo Magalh\u00e3es<\/p>\n<p>O Vice-Governador e secret\u00e1rio ressaltou, ainda, que: \u201ca Agenda Territorial foi constitu\u00edda para trazer resultados para os Territ\u00f3rios e aqui no Oeste j\u00e1 est\u00e1 em fase de implanta\u00e7\u00e3o a primeira usina de produ\u00e7\u00e3o de a\u00e7\u00facar e \u00e1lcool, no Muqu\u00e9m do S\u00e3o Francisco, e a proposta \u00e9, no m\u00e9dio prazo, implantar mais quatro, para isso j\u00e1 estamos conversando com os empres\u00e1rios interessados. Ontem iniciamos aqui em Barreiras o processo para instala\u00e7\u00e3o de tr\u00eas novas ind\u00fastrias no Distrito Industrial do munic\u00edpio de Luis Eduardo Magalh\u00e3es. Com investimento previsto de 71 milh\u00f5es de reais, gera\u00e7\u00e3o de 113 empregos diretos e mais de 300 empregos indiretos.\u00a0Uma destas ind\u00fastrias abrir\u00e1 um novo segmento no setor produtivo do agroneg\u00f3cio regional, a planta\u00e7\u00e3o de trigo, pois esta ind\u00fastria produzir\u00e1 farinha de trigo para as regi\u00f5es nordeste e norte do pa\u00eds\u201d.<\/p>\n<p>Diretor aponta import\u00e2ncia da AG-TER<\/p>\n<p>O diretor de Planejamento Territorial da Seplan, Luiz Gug\u00e9, ressaltou a import\u00e2ncia do acesso ao cr\u00e9dito por parte dos produtores. \u201cN\u00f3s sabemos da import\u00e2ncia da regulariza\u00e7\u00e3o fundi\u00e1ria e do valor que tem o t\u00edtulo da terra para o produtor rural, mas esse projeto vai al\u00e9m ao garantir ao agricultor o acesso ao cr\u00e9dito, que ampliar\u00e1 sua capacidade de investimento e aumento da sua renda\u201d.<\/p>\n<p>O projeto Terra Livre tem como metas: realizar levantamentos t\u00e9cnicos, topogr\u00e1ficos, agron\u00f4micos, ambientais e coletar a documenta\u00e7\u00e3o referente aos im\u00f3veis rurais individuais e coletivos de 2.000 fam\u00edlias; organizar e elaborar as pe\u00e7as t\u00e9cnicas e documenta\u00e7\u00e3o necess\u00e1ria \u00e0 regulariza\u00e7\u00e3o fundi\u00e1ria das posses das fam\u00edlias beneficiadas pelo projeto; emitir Certificado de Cadastro de Im\u00f3vel Rural (CCIR) e inserir os dados georreferenciados no Sistema de Gest\u00e3o Fundi\u00e1ria (Sigef); realizar a inscri\u00e7\u00e3o dos im\u00f3veis rurais georreferenciados no Cadastro Estadual Florestal de Im\u00f3veis Rurais (Cefir) e emitir declara\u00e7\u00e3o de aptid\u00e3o ao Pronaf para os benefici\u00e1rios da Agenda.<\/p>\n<p>Seplan articulou parcerias para o projeto Terra Livre<\/p>\n<p>S\u00e3o parceiros da Seplan no projeto AG-TER Terra Livre a Secretaria de Desenvolvimento Rural (SDR), atrav\u00e9s da Coordena\u00e7\u00e3o de Desenvolvimento Agr\u00e1rio (CDA) e da Superintend\u00eancia de Assist\u00eancia T\u00e9cnica e Extens\u00e3o Rural (Bahiater), a secretaria do Meio Ambiente, atrav\u00e9s do Instituto do Meio Ambiente e Recursos H\u00eddricos (Inema), o Cons\u00f3rcio Multifinalit\u00e1rio dos Munic\u00edpios do Oeste da Bahia (Consid) e a Universidade Federal do Oeste da Bahia (Ufob).<\/p>\n","protected":false},"excerpt":{"rendered":"<p>O vice-governador e secret\u00e1rio do Planejamento, Jo\u00e3o Le\u00e3o implantou na ter\u00e7a-feira (27), no munic\u00edpio de Barreiras, a Agenda Territorial da Bahia (AG-TER) para atender os Territ\u00f3rios de Identidade da Bacia do Rio Grande, Bacia do Rio Corrente e do Velho Chico e, juntamente, com Luiz Gug\u00e9, diretor de planejamento Territorial da Seplan, apresentou as a\u00e7\u00f5es [&hellip;]<\/p>\n","protected":false},"author":2,"featured_media":0,"comment_status":"open","ping_status":"open","sticky":false,"template":"","format":"standard","meta":{"_links_to":"","_links_to_target":""},"categories":[1],"tags":[21168,654,9915],"_links":{"self":[{"href":"https:\/\/www.blogdothame.blog.br\/v1\/wp-json\/wp\/v2\/posts\/74580"}],"collection":[{"href":"https:\/\/www.blogdothame.blog.br\/v1\/wp-json\/wp\/v2\/posts"}],"about":[{"href":"https:\/\/www.blogdothame.blog.br\/v1\/wp-json\/wp\/v2\/types\/post"}],"author":[{"embeddable":true,"href":"https:\/\/www.blogdothame.blog.br\/v1\/wp-json\/wp\/v2\/users\/2"}],"replies":[{"embeddable":true,"href":"https:\/\/www.blogdothame.blog.br\/v1\/wp-json\/wp\/v2\/comments?post=74580"}],"version-history":[{"count":1,"href":"https:\/\/www.blogdothame.blog.br\/v1\/wp-json\/wp\/v2\/posts\/74580\/revisions"}],"predecessor-version":[{"id":74582,"href":"https:\/\/www.blogdothame.blog.br\/v1\/wp-json\/wp\/v2\/posts\/74580\/revisions\/74582"}],"wp:attachment":[{"href":"https:\/\/www.blogdothame.blog.br\/v1\/wp-json\/wp\/v2\/media?parent=74580"}],"wp:term":[{"taxonomy":"category","embeddable":true,"href":"https:\/\/www.blogdothame.blog.br\/v1\/wp-json\/wp\/v2\/categories?post=74580"},{"taxonomy":"post_tag","embeddable":true,"href":"https:\/\/www.blogdothame.blog.br\/v1\/wp-json\/wp\/v2\/tags?post=74580"}],"curies":[{"name":"wp","href":"https:\/\/api.w.org\/{rel}","templated":true}]}}