{"id":7455,"date":"2012-03-06T08:44:28","date_gmt":"2012-03-06T11:44:28","guid":{"rendered":"http:\/\/www.blogdothame.blog.br\/v1\/?p=7455"},"modified":"2012-03-06T08:44:28","modified_gmt":"2012-03-06T11:44:28","slug":"boi-da-cara-preta-em-ilheus","status":"publish","type":"post","link":"https:\/\/www.blogdothame.blog.br\/v1\/2012\/03\/06\/boi-da-cara-preta-em-ilheus\/","title":{"rendered":"BOI DA CARA PRETA EM ILHEUS"},"content":{"rendered":"<p><a href=\"http:\/\/www.blogdothame.blog.br\/v1\/wp-content\/uploads\/boi-da-cara-preta.jpg\"><img loading=\"lazy\" class=\"alignleft size-medium wp-image-7456\" title=\"boi da cara preta\" src=\"http:\/\/www.blogdothame.blog.br\/v1\/wp-content\/uploads\/boi-da-cara-preta-300x225.jpg\" alt=\"\" width=\"300\" height=\"225\" srcset=\"https:\/\/www.blogdothame.blog.br\/v1\/wp-content\/uploads\/boi-da-cara-preta-300x225.jpg 300w, https:\/\/www.blogdothame.blog.br\/v1\/wp-content\/uploads\/boi-da-cara-preta.jpg 400w\" sizes=\"(max-width: 300px) 100vw, 300px\" \/><\/a>A nova montagem da Cia. Boi da Cara Preta, o musical &#8220;As Lendas da Lagoa&#8221;, que estrear\u00e1 no dia 16 de mar\u00e7o na Casa dos Artistas, segue a todo vapor com os ensaios. O espet\u00e1culo traz ao p\u00fablico as manifesta\u00e7\u00f5es populares da Lagoa Encantada, trazendo as lendas e mitos do local e a luta de um povo para manter suas tradi\u00e7\u00f5es e cren\u00e7as vivas, uma luta que diz respeito a preserva\u00e7\u00e3o da pr\u00f3pria lagoa. A popula\u00e7\u00e3o e as lendas se unem para impedir a destrui\u00e7\u00e3o da sua fauna e flora, mesmo declarando guerra ao consumo capitalista.<\/p>\n<p>A verdade \u00e9 que a natureza est\u00e1 sendo duramente afetada pela domina\u00e7\u00e3o imperialista, com efeitos que v\u00e3o atingir inevitavelmente as futuras gera\u00e7\u00f5es e provocando o desaparecimento de muitas esp\u00e9cies. O espet\u00e1culo nasce da preocupa\u00e7\u00e3o com tudo isso que vem acontecendo e como um caminho para minimizar os efeitos gradativos e irrevers\u00edveis ao meio ambiente, assim como manter aceso o folclore ilheense, as hist\u00f3ria das lendas que habitam nosso imagin\u00e1rio popular como a caipora, a m\u00e3e d&#8217;\u00e1gua, o nego d\u00b4\u00e1gua e outros. O Espet\u00e1culo \u00e9 vencedor do Edital Manoel Lopes Pontes de Est\u00edmulo a Montagem de Teatro do Estado da Bahia.<\/p>\n","protected":false},"excerpt":{"rendered":"<p>A nova montagem da Cia. Boi da Cara Preta, o musical &#8220;As Lendas da Lagoa&#8221;, que estrear\u00e1 no dia 16 de mar\u00e7o na Casa dos Artistas, segue a todo vapor com os ensaios. O espet\u00e1culo traz ao p\u00fablico as manifesta\u00e7\u00f5es populares da Lagoa Encantada, trazendo as lendas e mitos do local e a luta de [&hellip;]<\/p>\n","protected":false},"author":2,"featured_media":0,"comment_status":"open","ping_status":"open","sticky":false,"template":"","format":"standard","meta":{"_links_to":"","_links_to_target":""},"categories":[1],"tags":[2226,2227,218,2228],"_links":{"self":[{"href":"https:\/\/www.blogdothame.blog.br\/v1\/wp-json\/wp\/v2\/posts\/7455"}],"collection":[{"href":"https:\/\/www.blogdothame.blog.br\/v1\/wp-json\/wp\/v2\/posts"}],"about":[{"href":"https:\/\/www.blogdothame.blog.br\/v1\/wp-json\/wp\/v2\/types\/post"}],"author":[{"embeddable":true,"href":"https:\/\/www.blogdothame.blog.br\/v1\/wp-json\/wp\/v2\/users\/2"}],"replies":[{"embeddable":true,"href":"https:\/\/www.blogdothame.blog.br\/v1\/wp-json\/wp\/v2\/comments?post=7455"}],"version-history":[{"count":1,"href":"https:\/\/www.blogdothame.blog.br\/v1\/wp-json\/wp\/v2\/posts\/7455\/revisions"}],"predecessor-version":[{"id":7457,"href":"https:\/\/www.blogdothame.blog.br\/v1\/wp-json\/wp\/v2\/posts\/7455\/revisions\/7457"}],"wp:attachment":[{"href":"https:\/\/www.blogdothame.blog.br\/v1\/wp-json\/wp\/v2\/media?parent=7455"}],"wp:term":[{"taxonomy":"category","embeddable":true,"href":"https:\/\/www.blogdothame.blog.br\/v1\/wp-json\/wp\/v2\/categories?post=7455"},{"taxonomy":"post_tag","embeddable":true,"href":"https:\/\/www.blogdothame.blog.br\/v1\/wp-json\/wp\/v2\/tags?post=7455"}],"curies":[{"name":"wp","href":"https:\/\/api.w.org\/{rel}","templated":true}]}}