{"id":74510,"date":"2018-03-27T17:30:17","date_gmt":"2018-03-27T20:30:17","guid":{"rendered":"http:\/\/www.blogdothame.blog.br\/v1\/?p=74510"},"modified":"2018-03-27T15:47:38","modified_gmt":"2018-03-27T18:47:38","slug":"hospital-regional-costa-do-cacau-promove-i-feira-de-saude","status":"publish","type":"post","link":"https:\/\/www.blogdothame.blog.br\/v1\/2018\/03\/27\/hospital-regional-costa-do-cacau-promove-i-feira-de-saude\/","title":{"rendered":"Hospital Regional Costa do Cacau promove I Feira de Sa\u00fade"},"content":{"rendered":"<p><img loading=\"lazy\" class=\"alignright size-medium wp-image-74511\" src=\"http:\/\/www.blogdothame.blog.br\/v1\/wp-content\/uploads\/2018\/03\/feira-saude-2-300x200.jpg\" alt=\"feira saude 2\" width=\"300\" height=\"200\" srcset=\"https:\/\/www.blogdothame.blog.br\/v1\/wp-content\/uploads\/2018\/03\/feira-saude-2-300x200.jpg 300w, https:\/\/www.blogdothame.blog.br\/v1\/wp-content\/uploads\/2018\/03\/feira-saude-2.jpg 1000w\" sizes=\"(max-width: 300px) 100vw, 300px\" \/>O Hospital Regional Costa do Cacau (HRCC) em Ilh\u00e9us, promove a Feira de Sa\u00fade, que oferta servi\u00e7os b\u00e1sicos \u00e0 popula\u00e7\u00e3o. Foram organizados espa\u00e7os para atendimento ao p\u00fablico, atrav\u00e9s de consulta ambulatorial em oito especialidades (buco-maxilo-facial, cardiologia, cl\u00ednica geral, cirurgia geral, gastroenterologia, ortopedia, pneumologia e urologia) e de uma unidade m\u00f3vel para realiza\u00e7\u00e3o de exame de mamografia.<\/p>\n<p>\u201cEu \u2018t\u00f4\u2019 desempregado e n\u00e3o teria condi\u00e7\u00f5es de pagar uma consulta para o ortopedista. Eu gostei muito do atendimento, aqui \u00e9 tudo organizado. A estrutura do hospital \u00e9 muito boa\u201d, relata o motorista Isaque Ferreira dos Santos, residente na cidade de Ilh\u00e9us. A feira tem por objetivo promover a\u00e7\u00f5es de sa\u00fade, al\u00e9m de orientar a popula\u00e7\u00e3o sobre a import\u00e2ncia do rastreamento e preven\u00e7\u00e3o de doen\u00e7as. Nos dois dias ser\u00e3o distribu\u00eddas 280 fichas para exame de mamografia e mais de 200 fichas para atendimento ambulatorial.<\/p>\n<p><img loading=\"lazy\" class=\"alignleft size-medium wp-image-74512\" src=\"http:\/\/www.blogdothame.blog.br\/v1\/wp-content\/uploads\/2018\/03\/feira-saude-3-300x200.jpg\" alt=\"feira saude 3\" width=\"300\" height=\"200\" srcset=\"https:\/\/www.blogdothame.blog.br\/v1\/wp-content\/uploads\/2018\/03\/feira-saude-3-300x200.jpg 300w, https:\/\/www.blogdothame.blog.br\/v1\/wp-content\/uploads\/2018\/03\/feira-saude-3.jpg 1000w\" sizes=\"(max-width: 300px) 100vw, 300px\" \/>A dom\u00e9stica \u00c2ngela Jurema Cardoso, de 63 anos, conta que sempre participa de feiras e mutir\u00f5es a fim de manter a sa\u00fade em dia. \u201cEssa feira \u00e9 de grande valor para a popula\u00e7\u00e3o. \u00c9 importante que todos participem. Eu fiz a mamografia, que \u00e9 um exame indispens\u00e1vel para a sa\u00fade da mulher. Precisamos nos preservar. Pela manh\u00e3 eu peguei ficha para mamografia e agora pela tarde irei passar no cl\u00ednico geral\u201d, conta.<\/p>\n<p>O diretor do HRCC, Hernani Vaz Kr\u00fcger, explica que foram disponibilizados servi\u00e7os voltados a toda popula\u00e7\u00e3o. Ele ressalta que nem todas as doen\u00e7as t\u00eam indica\u00e7\u00e3o para rastreamento, contudo reitera que pr\u00e1ticas b\u00e1sicas de atendimento \u00e0 sa\u00fade s\u00e3o fundamentais para detec\u00e7\u00e3o de problemas antes mesmo da pessoa apresentar sintomas, o que permite com que o profissional estabele\u00e7a o tratamento nas fases iniciais da doen\u00e7a.<\/p>\n<p><img loading=\"lazy\" class=\"alignright size-medium wp-image-74513\" src=\"http:\/\/www.blogdothame.blog.br\/v1\/wp-content\/uploads\/2018\/03\/feira-saude-1-300x200.jpg\" alt=\"feira saude 1\" width=\"300\" height=\"200\" srcset=\"https:\/\/www.blogdothame.blog.br\/v1\/wp-content\/uploads\/2018\/03\/feira-saude-1-300x200.jpg 300w, https:\/\/www.blogdothame.blog.br\/v1\/wp-content\/uploads\/2018\/03\/feira-saude-1.jpg 1000w\" sizes=\"(max-width: 300px) 100vw, 300px\" \/>\u201cA feira tem por finalidade ofertar servi\u00e7os b\u00e1sicos, atrav\u00e9s de exames e consultas. Nosso intuito \u00e9 auxiliar as pessoas na preven\u00e7\u00e3o\u00a0e diagn\u00f3stico\u00a0das doen\u00e7as que apresentam\u00a0maior\u00a0taxa de incid\u00eancia, que s\u00e3o f\u00e1ceis de contrair, por\u00e9m \u00e0s quais \u00e9 dada pouca import\u00e2ncia\u201d, enfatizou. A feira conta tamb\u00e9m com a atua\u00e7\u00e3o dos profissionais da aten\u00e7\u00e3o b\u00e1sica, com o aux\u00edlio da equipe de imuniza\u00e7\u00e3o e da equipe de DST-Aids e Hepatites virais.<\/p>\n<p>&nbsp;<\/p>\n","protected":false},"excerpt":{"rendered":"<p>O Hospital Regional Costa do Cacau (HRCC) em Ilh\u00e9us, promove a Feira de Sa\u00fade, que oferta servi\u00e7os b\u00e1sicos \u00e0 popula\u00e7\u00e3o. Foram organizados espa\u00e7os para atendimento ao p\u00fablico, atrav\u00e9s de consulta ambulatorial em oito especialidades (buco-maxilo-facial, cardiologia, cl\u00ednica geral, cirurgia geral, gastroenterologia, ortopedia, pneumologia e urologia) e de uma unidade m\u00f3vel para realiza\u00e7\u00e3o de exame de [&hellip;]<\/p>\n","protected":false},"author":2,"featured_media":0,"comment_status":"open","ping_status":"open","sticky":false,"template":"","format":"standard","meta":{"_links_to":"","_links_to_target":""},"categories":[1],"tags":[8301,20820,218],"_links":{"self":[{"href":"https:\/\/www.blogdothame.blog.br\/v1\/wp-json\/wp\/v2\/posts\/74510"}],"collection":[{"href":"https:\/\/www.blogdothame.blog.br\/v1\/wp-json\/wp\/v2\/posts"}],"about":[{"href":"https:\/\/www.blogdothame.blog.br\/v1\/wp-json\/wp\/v2\/types\/post"}],"author":[{"embeddable":true,"href":"https:\/\/www.blogdothame.blog.br\/v1\/wp-json\/wp\/v2\/users\/2"}],"replies":[{"embeddable":true,"href":"https:\/\/www.blogdothame.blog.br\/v1\/wp-json\/wp\/v2\/comments?post=74510"}],"version-history":[{"count":1,"href":"https:\/\/www.blogdothame.blog.br\/v1\/wp-json\/wp\/v2\/posts\/74510\/revisions"}],"predecessor-version":[{"id":74514,"href":"https:\/\/www.blogdothame.blog.br\/v1\/wp-json\/wp\/v2\/posts\/74510\/revisions\/74514"}],"wp:attachment":[{"href":"https:\/\/www.blogdothame.blog.br\/v1\/wp-json\/wp\/v2\/media?parent=74510"}],"wp:term":[{"taxonomy":"category","embeddable":true,"href":"https:\/\/www.blogdothame.blog.br\/v1\/wp-json\/wp\/v2\/categories?post=74510"},{"taxonomy":"post_tag","embeddable":true,"href":"https:\/\/www.blogdothame.blog.br\/v1\/wp-json\/wp\/v2\/tags?post=74510"}],"curies":[{"name":"wp","href":"https:\/\/api.w.org\/{rel}","templated":true}]}}