{"id":74498,"date":"2018-03-27T11:45:29","date_gmt":"2018-03-27T14:45:29","guid":{"rendered":"http:\/\/www.blogdothame.blog.br\/v1\/?p=74498"},"modified":"2018-03-27T11:47:55","modified_gmt":"2018-03-27T14:47:55","slug":"rui-entrega-contencao-de-encosta-e-autoriza-novas-obras-no-suburbio-ferroviario-de-salvador","status":"publish","type":"post","link":"https:\/\/www.blogdothame.blog.br\/v1\/2018\/03\/27\/rui-entrega-contencao-de-encosta-e-autoriza-novas-obras-no-suburbio-ferroviario-de-salvador\/","title":{"rendered":"Rui entrega conten\u00e7\u00e3o de encosta e autoriza novas obras no Sub\u00farbio Ferrovi\u00e1rio de Salvador"},"content":{"rendered":"<p><img loading=\"lazy\" class=\"alignright  wp-image-74499\" src=\"http:\/\/www.blogdothame.blog.br\/v1\/wp-content\/uploads\/2018\/03\/en-1-300x200.jpeg\" alt=\"en 1\" width=\"272\" height=\"181\" srcset=\"https:\/\/www.blogdothame.blog.br\/v1\/wp-content\/uploads\/2018\/03\/en-1-300x200.jpeg 300w, https:\/\/www.blogdothame.blog.br\/v1\/wp-content\/uploads\/2018\/03\/en-1.jpeg 512w\" sizes=\"(max-width: 272px) 100vw, 272px\" \/>Cerca de mil moradores do Sub\u00farbio Ferrovi\u00e1rio de Salvador foram beneficiados pela obra de conten\u00e7\u00e3o da encosta que fica situada no fundo da Creche As Hero\u00ednas do Lar, dentro do Parque S\u00e3o Bartolomeu. A entrega foi realizada pelo governador Rui Costa, na manh\u00e3 desta ter\u00e7a-feira (27). A obra contou com investimento superior a R$ 2,5 milh\u00f5es. Ap\u00f3s a inaugura\u00e7\u00e3o, o governador seguiu para a Boa Vista do Lobato, onde autorizou os servi\u00e7os de urbaniza\u00e7\u00e3o e conten\u00e7\u00e3o de encostas, com recupera\u00e7\u00e3o de escadaria, trabalho t\u00e9cnico social, pavimenta\u00e7\u00e3o e drenagem pluvial, na Rua Maria Isabel. Mais de R$ 6 milh\u00f5es ser\u00e3o investidos nessas interven\u00e7\u00f5es.<\/p>\n<p><img loading=\"lazy\" class=\"alignleft size-medium wp-image-74500\" src=\"http:\/\/www.blogdothame.blog.br\/v1\/wp-content\/uploads\/2018\/03\/en-2-300x200.jpeg\" alt=\"en 2\" width=\"300\" height=\"200\" srcset=\"https:\/\/www.blogdothame.blog.br\/v1\/wp-content\/uploads\/2018\/03\/en-2-300x200.jpeg 300w, https:\/\/www.blogdothame.blog.br\/v1\/wp-content\/uploads\/2018\/03\/en-2.jpeg 512w\" sizes=\"(max-width: 300px) 100vw, 300px\" \/>\u201cHoje n\u00f3s fizemos duas atividades na capital. A primeira, uma inaugura\u00e7\u00e3o importante, em um lugar onde circulam muitas crian\u00e7as. Era uma demanda urgente e agora a conten\u00e7\u00e3o da encosta est\u00e1 pronta. Estou feliz, porque a comunidade reconhece esse nosso trabalho, que n\u00e3o para. Depois da entrega, vim aqui assinar a ordem de servi\u00e7o para a constru\u00e7\u00e3o de mais uma conten\u00e7\u00e3o, com o mesmo objetivo, que \u00e9 o de salvar vidas\u201d, destacou o governador.<\/p>\n<p>Parque S\u00e3o Bartolomeu<\/p>\n<p>A encosta entregue no Parque S\u00e3o Bartolomeu tem uma \u00e1rea de 110 metros de extens\u00e3o. No local, foi utilizada a t\u00e9cnica de solo grampeado com aplica\u00e7\u00e3o de uma manta verde de aproximadamente tr\u00eas mil metros quadrados, al\u00e9m da instala\u00e7\u00e3o de canaletas. \u201cA creche est\u00e1 em uma \u00e1rea de preserva\u00e7\u00e3o e buscamos uma solu\u00e7\u00e3o sustent\u00e1vel, onde se aplicou solo grampeado com uma manta verde. Um processo em que se emprega semeadura, agregado ao adubo. O Governo do Estado resolve, definitivamente, a situa\u00e7\u00e3o dessa encosta e oferece seguran\u00e7a \u00e0s crian\u00e7as desta creche\u201d, explicou o diretor de Habita\u00e7\u00e3o da Conder, Deusdete Fagundes.<\/p>\n<p><!--more--><\/p>\n<p>A obra teve dura\u00e7\u00e3o de sete meses, sendo conclu\u00edda em fevereiro deste ano. A diretora da creche, Kellen Naves, afirma que a obra trouxe mais seguran\u00e7a. \u201cEm 2014, houve um deslizamento de terras e, aqui, temos 265 crian\u00e7as que viviam com esse perigo iminente. O nosso sentimento agora \u00e9 de seguran\u00e7a. A chuva pode chegar que n\u00e3o ficaremos preocupadas\u201d, ressaltou.<\/p>\n<p>Boa Vista do Lobato<\/p>\n<p>Com investimento total de R$ 6,4 milh\u00f5es, a obra autorizada na Boa Vista do Lobato vai recuperar uma \u00e1rea de 10.872,2 metros quadrados, com 330 metros de extens\u00e3o da encosta, 250 metros de guarda-corpo: 125 metros de escadarias e 750,7 metros de drenagem. Para que os trabalhos sejam conclu\u00eddos, ser\u00e3o remanejadas 48 fam\u00edlias, provisoriamente, e duas fam\u00edlias em definitivo.<\/p>\n","protected":false},"excerpt":{"rendered":"<p>Cerca de mil moradores do Sub\u00farbio Ferrovi\u00e1rio de Salvador foram beneficiados pela obra de conten\u00e7\u00e3o da encosta que fica situada no fundo da Creche As Hero\u00ednas do Lar, dentro do Parque S\u00e3o Bartolomeu. A entrega foi realizada pelo governador Rui Costa, na manh\u00e3 desta ter\u00e7a-feira (27). A obra contou com investimento superior a R$ 2,5 [&hellip;]<\/p>\n","protected":false},"author":2,"featured_media":0,"comment_status":"open","ping_status":"open","sticky":false,"template":"","format":"standard","meta":{"_links_to":"","_links_to_target":""},"categories":[1],"tags":[20532,615,21156],"_links":{"self":[{"href":"https:\/\/www.blogdothame.blog.br\/v1\/wp-json\/wp\/v2\/posts\/74498"}],"collection":[{"href":"https:\/\/www.blogdothame.blog.br\/v1\/wp-json\/wp\/v2\/posts"}],"about":[{"href":"https:\/\/www.blogdothame.blog.br\/v1\/wp-json\/wp\/v2\/types\/post"}],"author":[{"embeddable":true,"href":"https:\/\/www.blogdothame.blog.br\/v1\/wp-json\/wp\/v2\/users\/2"}],"replies":[{"embeddable":true,"href":"https:\/\/www.blogdothame.blog.br\/v1\/wp-json\/wp\/v2\/comments?post=74498"}],"version-history":[{"count":1,"href":"https:\/\/www.blogdothame.blog.br\/v1\/wp-json\/wp\/v2\/posts\/74498\/revisions"}],"predecessor-version":[{"id":74501,"href":"https:\/\/www.blogdothame.blog.br\/v1\/wp-json\/wp\/v2\/posts\/74498\/revisions\/74501"}],"wp:attachment":[{"href":"https:\/\/www.blogdothame.blog.br\/v1\/wp-json\/wp\/v2\/media?parent=74498"}],"wp:term":[{"taxonomy":"category","embeddable":true,"href":"https:\/\/www.blogdothame.blog.br\/v1\/wp-json\/wp\/v2\/categories?post=74498"},{"taxonomy":"post_tag","embeddable":true,"href":"https:\/\/www.blogdothame.blog.br\/v1\/wp-json\/wp\/v2\/tags?post=74498"}],"curies":[{"name":"wp","href":"https:\/\/api.w.org\/{rel}","templated":true}]}}